{"id":10106,"date":"2023-04-27T15:31:02","date_gmt":"2023-04-27T13:31:02","guid":{"rendered":"https:\/\/grueneskino.net\/blog\/?p=10106"},"modified":"2023-05-02T14:47:31","modified_gmt":"2023-05-02T12:47:31","slug":"best-practice-podium-beim-kino-kongress-energiesparen-im-kinobetrieb","status":"publish","type":"post","link":"https:\/\/grueneskino.net\/blog\/best-practice-podium-beim-kino-kongress-energiesparen-im-kinobetrieb\/","title":{"rendered":"Best Practice-Podium beim Kino-Kongress: Energiesparen im Kinobetrieb"},"content":{"rendered":"","protected":false},"excerpt":{"rendered":"","protected":false},"author":1,"featured_media":10109,"comment_status":"closed","ping_status":"closed","sticky":false,"template":"","format":"standard","meta":{"_monsterinsights_skip_tracking":false,"_monsterinsights_sitenote_active":false,"_monsterinsights_sitenote_note":"","_monsterinsights_sitenote_category":0,"footnotes":""},"categories":[55,9,3,54,60,57,4,12],"tags":[],"class_list":["post-10106","post","type-post","status-publish","format-standard","has-post-thumbnail","hentry","category-neue-entwicklungen","category-elektrogeraete","category-energieeffizienz","category-energiemanagement","category-events","category-foerderung","category-gebaeude","category-verbrauch-kontrollieren"],"acf":[],"aioseo_notices":[],"yoast_head":"<!-- This site is optimized with the Yoast SEO plugin v27.5 - https:\/\/yoast.com\/product\/yoast-seo-wordpress\/ -->\n<title>Best Practice-Podium beim Kino-Kongress: Energiesparen im Kinobetrieb - Gr\u00fcnes Kino<\/title>\n<meta name=\"description\" content=\"Die FFA l\u00e4dt in Baden-Baden zur Podiumsdiskussion zum Thema Energiesparen im Kinobetrieb. Benjamin Dauhrer, Technischer Leiter des Cinecitta, Gerda Kroi\u00df, Inhaberin des Roxy Kinos in Abensberg und Theaterleiter Alexander Kroi\u00df geben Einblick in Erfahrungen und Einsparungen mit Automations-Systemen, deren Finanzierung von der FFA gef\u00f6rdert wird.\" \/>\n<meta name=\"robots\" content=\"index, follow, max-snippet:-1, max-image-preview:large, max-video-preview:-1\" \/>\n<link rel=\"canonical\" href=\"https:\/\/grueneskino.net\/blog\/best-practice-podium-beim-kino-kongress-energiesparen-im-kinobetrieb\/\" \/>\n<meta property=\"og:locale\" content=\"de_DE\" \/>\n<meta property=\"og:type\" content=\"article\" \/>\n<meta property=\"og:title\" content=\"Best Practice-Podium beim Kino-Kongress: Energiesparen im Kinobetrieb - Gr\u00fcnes Kino\" \/>\n<meta property=\"og:description\" content=\"Die FFA l\u00e4dt in Baden-Baden zur Podiumsdiskussion zum Thema Energiesparen im Kinobetrieb. Benjamin Dauhrer, Technischer Leiter des Cinecitta, Gerda Kroi\u00df, Inhaberin des Roxy Kinos in Abensberg und Theaterleiter Alexander Kroi\u00df geben Einblick in Erfahrungen und Einsparungen mit Automations-Systemen, deren Finanzierung von der FFA gef\u00f6rdert wird.\" \/>\n<meta property=\"og:url\" content=\"https:\/\/grueneskino.net\/blog\/best-practice-podium-beim-kino-kongress-energiesparen-im-kinobetrieb\/\" \/>\n<meta property=\"og:site_name\" content=\"Gr\u00fcnes Kino\" \/>\n<meta property=\"article:published_time\" content=\"2023-04-27T13:31:02+00:00\" \/>\n<meta property=\"article:modified_time\" content=\"2023-05-02T12:47:31+00:00\" \/>\n<meta property=\"og:image\" content=\"https:\/\/grueneskino.net\/blog\/wp-content\/uploads\/2023\/04\/Kon.jpg\" \/>\n\t<meta property=\"og:image:width\" content=\"845\" \/>\n\t<meta property=\"og:image:height\" content=\"570\" \/>\n\t<meta property=\"og:image:type\" content=\"image\/jpeg\" \/>\n<meta name=\"author\" content=\"Birgit\" \/>\n<meta name=\"twitter:card\" content=\"summary_large_image\" \/>\n<meta name=\"twitter:label1\" content=\"Verfasst von\" \/>\n\t<meta name=\"twitter:data1\" content=\"Birgit\" \/>\n<script type=\"application\/ld+json\" class=\"yoast-schema-graph\">{\"@context\":\"https:\\\/\\\/schema.org\",\"@graph\":[{\"@type\":\"Article\",\"@id\":\"https:\\\/\\\/grueneskino.net\\\/blog\\\/best-practice-podium-beim-kino-kongress-energiesparen-im-kinobetrieb\\\/#article\",\"isPartOf\":{\"@id\":\"https:\\\/\\\/grueneskino.net\\\/blog\\\/best-practice-podium-beim-kino-kongress-energiesparen-im-kinobetrieb\\\/\"},\"author\":{\"name\":\"Birgit\",\"@id\":\"https:\\\/\\\/grueneskino.net\\\/blog\\\/#\\\/schema\\\/person\\\/a42c4207e4e152fd77090dacd9ee24ad\"},\"headline\":\"Best Practice-Podium beim Kino-Kongress: Energiesparen im Kinobetrieb\",\"datePublished\":\"2023-04-27T13:31:02+00:00\",\"dateModified\":\"2023-05-02T12:47:31+00:00\",\"mainEntityOfPage\":{\"@id\":\"https:\\\/\\\/grueneskino.net\\\/blog\\\/best-practice-podium-beim-kino-kongress-energiesparen-im-kinobetrieb\\\/\"},\"wordCount\":7,\"publisher\":{\"@id\":\"https:\\\/\\\/grueneskino.net\\\/blog\\\/#organization\"},\"image\":{\"@id\":\"https:\\\/\\\/grueneskino.net\\\/blog\\\/best-practice-podium-beim-kino-kongress-energiesparen-im-kinobetrieb\\\/#primaryimage\"},\"thumbnailUrl\":\"https:\\\/\\\/grueneskino.net\\\/blog\\\/wp-content\\\/uploads\\\/2023\\\/04\\\/Kon.jpg\",\"articleSection\":{\"1\":\"Elektroger\u00e4te\",\"2\":\"Energieeffizienz\",\"3\":\"Energiemanagement\",\"4\":\"Events\",\"5\":\"F\u00f6rderung\",\"6\":\"Geb\u00e4ude\",\"7\":\"Verbrauch kontrollieren\"},\"inLanguage\":\"de\"},{\"@type\":\"WebPage\",\"@id\":\"https:\\\/\\\/grueneskino.net\\\/blog\\\/best-practice-podium-beim-kino-kongress-energiesparen-im-kinobetrieb\\\/\",\"url\":\"https:\\\/\\\/grueneskino.net\\\/blog\\\/best-practice-podium-beim-kino-kongress-energiesparen-im-kinobetrieb\\\/\",\"name\":\"Best Practice-Podium beim Kino-Kongress: Energiesparen im Kinobetrieb - Gr\u00fcnes Kino\",\"isPartOf\":{\"@id\":\"https:\\\/\\\/grueneskino.net\\\/blog\\\/#website\"},\"primaryImageOfPage\":{\"@id\":\"https:\\\/\\\/grueneskino.net\\\/blog\\\/best-practice-podium-beim-kino-kongress-energiesparen-im-kinobetrieb\\\/#primaryimage\"},\"image\":{\"@id\":\"https:\\\/\\\/grueneskino.net\\\/blog\\\/best-practice-podium-beim-kino-kongress-energiesparen-im-kinobetrieb\\\/#primaryimage\"},\"thumbnailUrl\":\"https:\\\/\\\/grueneskino.net\\\/blog\\\/wp-content\\\/uploads\\\/2023\\\/04\\\/Kon.jpg\",\"datePublished\":\"2023-04-27T13:31:02+00:00\",\"dateModified\":\"2023-05-02T12:47:31+00:00\",\"description\":\"Die FFA l\u00e4dt in Baden-Baden zur Podiumsdiskussion zum Thema Energiesparen im Kinobetrieb. Benjamin Dauhrer, Technischer Leiter des Cinecitta, Gerda Kroi\u00df, Inhaberin des Roxy Kinos in Abensberg und Theaterleiter Alexander Kroi\u00df geben Einblick in Erfahrungen und Einsparungen mit Automations-Systemen, deren Finanzierung von der FFA gef\u00f6rdert wird.\",\"breadcrumb\":{\"@id\":\"https:\\\/\\\/grueneskino.net\\\/blog\\\/best-practice-podium-beim-kino-kongress-energiesparen-im-kinobetrieb\\\/#breadcrumb\"},\"inLanguage\":\"de\",\"potentialAction\":[{\"@type\":\"ReadAction\",\"target\":[\"https:\\\/\\\/grueneskino.net\\\/blog\\\/best-practice-podium-beim-kino-kongress-energiesparen-im-kinobetrieb\\\/\"]}]},{\"@type\":\"ImageObject\",\"inLanguage\":\"de\",\"@id\":\"https:\\\/\\\/grueneskino.net\\\/blog\\\/best-practice-podium-beim-kino-kongress-energiesparen-im-kinobetrieb\\\/#primaryimage\",\"url\":\"https:\\\/\\\/grueneskino.net\\\/blog\\\/wp-content\\\/uploads\\\/2023\\\/04\\\/Kon.jpg\",\"contentUrl\":\"https:\\\/\\\/grueneskino.net\\\/blog\\\/wp-content\\\/uploads\\\/2023\\\/04\\\/Kon.jpg\",\"width\":845,\"height\":570},{\"@type\":\"BreadcrumbList\",\"@id\":\"https:\\\/\\\/grueneskino.net\\\/blog\\\/best-practice-podium-beim-kino-kongress-energiesparen-im-kinobetrieb\\\/#breadcrumb\",\"itemListElement\":[{\"@type\":\"ListItem\",\"position\":1,\"name\":\"Startseite\",\"item\":\"https:\\\/\\\/grueneskino.net\\\/blog\\\/\"},{\"@type\":\"ListItem\",\"position\":2,\"name\":\"Best Practice-Podium beim Kino-Kongress: Energiesparen im Kinobetrieb\"}]},{\"@type\":\"WebSite\",\"@id\":\"https:\\\/\\\/grueneskino.net\\\/blog\\\/#website\",\"url\":\"https:\\\/\\\/grueneskino.net\\\/blog\\\/\",\"name\":\"Gr\u00fcnes Kino\",\"description\":\"Das Gr\u00fcne Kinohandbuch der FFA\",\"publisher\":{\"@id\":\"https:\\\/\\\/grueneskino.net\\\/blog\\\/#organization\"},\"potentialAction\":[{\"@type\":\"SearchAction\",\"target\":{\"@type\":\"EntryPoint\",\"urlTemplate\":\"https:\\\/\\\/grueneskino.net\\\/blog\\\/?s={search_term_string}\"},\"query-input\":{\"@type\":\"PropertyValueSpecification\",\"valueRequired\":true,\"valueName\":\"search_term_string\"}}],\"inLanguage\":\"de\"},{\"@type\":\"Organization\",\"@id\":\"https:\\\/\\\/grueneskino.net\\\/blog\\\/#organization\",\"name\":\"FFA\",\"url\":\"https:\\\/\\\/grueneskino.net\\\/blog\\\/\",\"logo\":{\"@type\":\"ImageObject\",\"inLanguage\":\"de\",\"@id\":\"https:\\\/\\\/grueneskino.net\\\/blog\\\/#\\\/schema\\\/logo\\\/image\\\/\",\"url\":\"https:\\\/\\\/xn--grneskino-r9a.de\\\/blog\\\/wp-content\\\/uploads\\\/2018\\\/11\\\/LFFA_G72.gif\",\"contentUrl\":\"https:\\\/\\\/xn--grneskino-r9a.de\\\/blog\\\/wp-content\\\/uploads\\\/2018\\\/11\\\/LFFA_G72.gif\",\"width\":340,\"height\":142,\"caption\":\"FFA\"},\"image\":{\"@id\":\"https:\\\/\\\/grueneskino.net\\\/blog\\\/#\\\/schema\\\/logo\\\/image\\\/\"}},{\"@type\":\"Person\",\"@id\":\"https:\\\/\\\/grueneskino.net\\\/blog\\\/#\\\/schema\\\/person\\\/a42c4207e4e152fd77090dacd9ee24ad\",\"name\":\"Birgit\",\"image\":{\"@type\":\"ImageObject\",\"inLanguage\":\"de\",\"@id\":\"https:\\\/\\\/secure.gravatar.com\\\/avatar\\\/ef8c46061666bd9d5949acacd5b1a7c8bebeb871f0435a00606526208115f836?s=96&d=mm&r=g\",\"url\":\"https:\\\/\\\/secure.gravatar.com\\\/avatar\\\/ef8c46061666bd9d5949acacd5b1a7c8bebeb871f0435a00606526208115f836?s=96&d=mm&r=g\",\"contentUrl\":\"https:\\\/\\\/secure.gravatar.com\\\/avatar\\\/ef8c46061666bd9d5949acacd5b1a7c8bebeb871f0435a00606526208115f836?s=96&d=mm&r=g\",\"caption\":\"Birgit\"},\"url\":\"https:\\\/\\\/grueneskino.net\\\/blog\\\/author\\\/birgit\\\/\"}]}<\/script>\n<!-- \/ Yoast SEO plugin. -->","yoast_head_json":{"title":"Best Practice-Podium beim Kino-Kongress: Energiesparen im Kinobetrieb - Gr\u00fcnes Kino","description":"Die FFA l\u00e4dt in Baden-Baden zur Podiumsdiskussion zum Thema Energiesparen im Kinobetrieb. Benjamin Dauhrer, Technischer Leiter des Cinecitta, Gerda Kroi\u00df, Inhaberin des Roxy Kinos in Abensberg und Theaterleiter Alexander Kroi\u00df geben Einblick in Erfahrungen und Einsparungen mit Automations-Systemen, deren Finanzierung von der FFA gef\u00f6rdert wird.","robots":{"index":"index","follow":"follow","max-snippet":"max-snippet:-1","max-image-preview":"max-image-preview:large","max-video-preview":"max-video-preview:-1"},"canonical":"https:\/\/grueneskino.net\/blog\/best-practice-podium-beim-kino-kongress-energiesparen-im-kinobetrieb\/","og_locale":"de_DE","og_type":"article","og_title":"Best Practice-Podium beim Kino-Kongress: Energiesparen im Kinobetrieb - Gr\u00fcnes Kino","og_description":"Die FFA l\u00e4dt in Baden-Baden zur Podiumsdiskussion zum Thema Energiesparen im Kinobetrieb. Benjamin Dauhrer, Technischer Leiter des Cinecitta, Gerda Kroi\u00df, Inhaberin des Roxy Kinos in Abensberg und Theaterleiter Alexander Kroi\u00df geben Einblick in Erfahrungen und Einsparungen mit Automations-Systemen, deren Finanzierung von der FFA gef\u00f6rdert wird.","og_url":"https:\/\/grueneskino.net\/blog\/best-practice-podium-beim-kino-kongress-energiesparen-im-kinobetrieb\/","og_site_name":"Gr\u00fcnes Kino","article_published_time":"2023-04-27T13:31:02+00:00","article_modified_time":"2023-05-02T12:47:31+00:00","og_image":[{"width":845,"height":570,"url":"https:\/\/grueneskino.net\/blog\/wp-content\/uploads\/2023\/04\/Kon.jpg","type":"image\/jpeg"}],"author":"Birgit","twitter_card":"summary_large_image","twitter_misc":{"Verfasst von":"Birgit"},"schema":{"@context":"https:\/\/schema.org","@graph":[{"@type":"Article","@id":"https:\/\/grueneskino.net\/blog\/best-practice-podium-beim-kino-kongress-energiesparen-im-kinobetrieb\/#article","isPartOf":{"@id":"https:\/\/grueneskino.net\/blog\/best-practice-podium-beim-kino-kongress-energiesparen-im-kinobetrieb\/"},"author":{"name":"Birgit","@id":"https:\/\/grueneskino.net\/blog\/#\/schema\/person\/a42c4207e4e152fd77090dacd9ee24ad"},"headline":"Best Practice-Podium beim Kino-Kongress: Energiesparen im Kinobetrieb","datePublished":"2023-04-27T13:31:02+00:00","dateModified":"2023-05-02T12:47:31+00:00","mainEntityOfPage":{"@id":"https:\/\/grueneskino.net\/blog\/best-practice-podium-beim-kino-kongress-energiesparen-im-kinobetrieb\/"},"wordCount":7,"publisher":{"@id":"https:\/\/grueneskino.net\/blog\/#organization"},"image":{"@id":"https:\/\/grueneskino.net\/blog\/best-practice-podium-beim-kino-kongress-energiesparen-im-kinobetrieb\/#primaryimage"},"thumbnailUrl":"https:\/\/grueneskino.net\/blog\/wp-content\/uploads\/2023\/04\/Kon.jpg","articleSection":{"1":"Elektroger\u00e4te","2":"Energieeffizienz","3":"Energiemanagement","4":"Events","5":"F\u00f6rderung","6":"Geb\u00e4ude","7":"Verbrauch kontrollieren"},"inLanguage":"de"},{"@type":"WebPage","@id":"https:\/\/grueneskino.net\/blog\/best-practice-podium-beim-kino-kongress-energiesparen-im-kinobetrieb\/","url":"https:\/\/grueneskino.net\/blog\/best-practice-podium-beim-kino-kongress-energiesparen-im-kinobetrieb\/","name":"Best Practice-Podium beim Kino-Kongress: Energiesparen im Kinobetrieb - Gr\u00fcnes Kino","isPartOf":{"@id":"https:\/\/grueneskino.net\/blog\/#website"},"primaryImageOfPage":{"@id":"https:\/\/grueneskino.net\/blog\/best-practice-podium-beim-kino-kongress-energiesparen-im-kinobetrieb\/#primaryimage"},"image":{"@id":"https:\/\/grueneskino.net\/blog\/best-practice-podium-beim-kino-kongress-energiesparen-im-kinobetrieb\/#primaryimage"},"thumbnailUrl":"https:\/\/grueneskino.net\/blog\/wp-content\/uploads\/2023\/04\/Kon.jpg","datePublished":"2023-04-27T13:31:02+00:00","dateModified":"2023-05-02T12:47:31+00:00","description":"Die FFA l\u00e4dt in Baden-Baden zur Podiumsdiskussion zum Thema Energiesparen im Kinobetrieb. Benjamin Dauhrer, Technischer Leiter des Cinecitta, Gerda Kroi\u00df, Inhaberin des Roxy Kinos in Abensberg und Theaterleiter Alexander Kroi\u00df geben Einblick in Erfahrungen und Einsparungen mit Automations-Systemen, deren Finanzierung von der FFA gef\u00f6rdert wird.","breadcrumb":{"@id":"https:\/\/grueneskino.net\/blog\/best-practice-podium-beim-kino-kongress-energiesparen-im-kinobetrieb\/#breadcrumb"},"inLanguage":"de","potentialAction":[{"@type":"ReadAction","target":["https:\/\/grueneskino.net\/blog\/best-practice-podium-beim-kino-kongress-energiesparen-im-kinobetrieb\/"]}]},{"@type":"ImageObject","inLanguage":"de","@id":"https:\/\/grueneskino.net\/blog\/best-practice-podium-beim-kino-kongress-energiesparen-im-kinobetrieb\/#primaryimage","url":"https:\/\/grueneskino.net\/blog\/wp-content\/uploads\/2023\/04\/Kon.jpg","contentUrl":"https:\/\/grueneskino.net\/blog\/wp-content\/uploads\/2023\/04\/Kon.jpg","width":845,"height":570},{"@type":"BreadcrumbList","@id":"https:\/\/grueneskino.net\/blog\/best-practice-podium-beim-kino-kongress-energiesparen-im-kinobetrieb\/#breadcrumb","itemListElement":[{"@type":"ListItem","position":1,"name":"Startseite","item":"https:\/\/grueneskino.net\/blog\/"},{"@type":"ListItem","position":2,"name":"Best Practice-Podium beim Kino-Kongress: Energiesparen im Kinobetrieb"}]},{"@type":"WebSite","@id":"https:\/\/grueneskino.net\/blog\/#website","url":"https:\/\/grueneskino.net\/blog\/","name":"Gr\u00fcnes Kino","description":"Das Gr\u00fcne Kinohandbuch der FFA","publisher":{"@id":"https:\/\/grueneskino.net\/blog\/#organization"},"potentialAction":[{"@type":"SearchAction","target":{"@type":"EntryPoint","urlTemplate":"https:\/\/grueneskino.net\/blog\/?s={search_term_string}"},"query-input":{"@type":"PropertyValueSpecification","valueRequired":true,"valueName":"search_term_string"}}],"inLanguage":"de"},{"@type":"Organization","@id":"https:\/\/grueneskino.net\/blog\/#organization","name":"FFA","url":"https:\/\/grueneskino.net\/blog\/","logo":{"@type":"ImageObject","inLanguage":"de","@id":"https:\/\/grueneskino.net\/blog\/#\/schema\/logo\/image\/","url":"https:\/\/xn--grneskino-r9a.de\/blog\/wp-content\/uploads\/2018\/11\/LFFA_G72.gif","contentUrl":"https:\/\/xn--grneskino-r9a.de\/blog\/wp-content\/uploads\/2018\/11\/LFFA_G72.gif","width":340,"height":142,"caption":"FFA"},"image":{"@id":"https:\/\/grueneskino.net\/blog\/#\/schema\/logo\/image\/"}},{"@type":"Person","@id":"https:\/\/grueneskino.net\/blog\/#\/schema\/person\/a42c4207e4e152fd77090dacd9ee24ad","name":"Birgit","image":{"@type":"ImageObject","inLanguage":"de","@id":"https:\/\/secure.gravatar.com\/avatar\/ef8c46061666bd9d5949acacd5b1a7c8bebeb871f0435a00606526208115f836?s=96&d=mm&r=g","url":"https:\/\/secure.gravatar.com\/avatar\/ef8c46061666bd9d5949acacd5b1a7c8bebeb871f0435a00606526208115f836?s=96&d=mm&r=g","contentUrl":"https:\/\/secure.gravatar.com\/avatar\/ef8c46061666bd9d5949acacd5b1a7c8bebeb871f0435a00606526208115f836?s=96&d=mm&r=g","caption":"Birgit"},"url":"https:\/\/grueneskino.net\/blog\/author\/birgit\/"}]}},"_links":{"self":[{"href":"https:\/\/grueneskino.net\/blog\/wp-json\/wp\/v2\/posts\/10106","targetHints":{"allow":["GET"]}}],"collection":[{"href":"https:\/\/grueneskino.net\/blog\/wp-json\/wp\/v2\/posts"}],"about":[{"href":"https:\/\/grueneskino.net\/blog\/wp-json\/wp\/v2\/types\/post"}],"author":[{"embeddable":true,"href":"https:\/\/grueneskino.net\/blog\/wp-json\/wp\/v2\/users\/1"}],"replies":[{"embeddable":true,"href":"https:\/\/grueneskino.net\/blog\/wp-json\/wp\/v2\/comments?post=10106"}],"version-history":[{"count":20,"href":"https:\/\/grueneskino.net\/blog\/wp-json\/wp\/v2\/posts\/10106\/revisions"}],"predecessor-version":[{"id":10225,"href":"https:\/\/grueneskino.net\/blog\/wp-json\/wp\/v2\/posts\/10106\/revisions\/10225"}],"wp:featuredmedia":[{"embeddable":true,"href":"https:\/\/grueneskino.net\/blog\/wp-json\/wp\/v2\/media\/10109"}],"wp:attachment":[{"href":"https:\/\/grueneskino.net\/blog\/wp-json\/wp\/v2\/media?parent=10106"}],"wp:term":[{"taxonomy":"category","embeddable":true,"href":"https:\/\/grueneskino.net\/blog\/wp-json\/wp\/v2\/categories?post=10106"},{"taxonomy":"post_tag","embeddable":true,"href":"https:\/\/grueneskino.net\/blog\/wp-json\/wp\/v2\/tags?post=10106"}],"curies":[{"name":"wp","href":"https:\/\/api.w.org\/{rel}","templated":true}]}}