{"id":3531,"date":"2020-06-03T00:12:11","date_gmt":"2020-06-02T22:12:11","guid":{"rendered":"https:\/\/xn--grneskino-r9a.de\/blog\/?p=3531"},"modified":"2020-08-14T13:37:53","modified_gmt":"2020-08-14T11:37:53","slug":"best-practice-aktionstag-anreize-fuer-fahrradfahrer","status":"publish","type":"post","link":"https:\/\/grueneskino.net\/blog\/best-practice-aktionstag-anreize-fuer-fahrradfahrer\/","title":{"rendered":"Best Practice: Aktionstag &#8211; Anreize f\u00fcr Fahrradfahrer"},"content":{"rendered":"","protected":false},"excerpt":{"rendered":"","protected":false},"author":1,"featured_media":3540,"comment_status":"open","ping_status":"open","sticky":false,"template":"","format":"standard","meta":{"_monsterinsights_skip_tracking":false,"_monsterinsights_sitenote_active":false,"_monsterinsights_sitenote_note":"","_monsterinsights_sitenote_category":0,"footnotes":""},"categories":[3,79,65],"tags":[],"class_list":["post-3531","post","type-post","status-publish","format-standard","has-post-thumbnail","hentry","category-energieeffizienz","category-fahrrad","category-mobilitaet"],"acf":[],"aioseo_notices":[],"yoast_head":"<!-- This site is optimized with the Yoast SEO plugin v27.5 - https:\/\/yoast.com\/product\/yoast-seo-wordpress\/ -->\n<title>Best Practice: Aktionstag - Anreize f\u00fcr Fahrradfahrer - Gr\u00fcnes Kino<\/title>\n<meta name=\"description\" content=\"Mit dem Tag des Fahrrads am 3. Juni wird allj\u00e4hrlich f\u00fcr das umweltfreundliche und gesunde Fortbewegungsmittel geworben. Zugleich soll mit dem 1998 ins Leben gerufenen Aktionstag auf die zunehmenden Verkehrsprobleme durch motorisierte Fortbewegungsmittel hingewiesen werden, die angesichts des Klimaschutzes relevant sind.\" \/>\n<meta name=\"robots\" content=\"index, follow, max-snippet:-1, max-image-preview:large, max-video-preview:-1\" \/>\n<link rel=\"canonical\" href=\"https:\/\/grueneskino.net\/blog\/best-practice-aktionstag-anreize-fuer-fahrradfahrer\/\" \/>\n<meta property=\"og:locale\" content=\"de_DE\" \/>\n<meta property=\"og:type\" content=\"article\" \/>\n<meta property=\"og:title\" content=\"Best Practice: Aktionstag - Anreize f\u00fcr Fahrradfahrer - Gr\u00fcnes Kino\" \/>\n<meta property=\"og:description\" content=\"Mit dem Tag des Fahrrads am 3. Juni wird allj\u00e4hrlich f\u00fcr das umweltfreundliche und gesunde Fortbewegungsmittel geworben. Zugleich soll mit dem 1998 ins Leben gerufenen Aktionstag auf die zunehmenden Verkehrsprobleme durch motorisierte Fortbewegungsmittel hingewiesen werden, die angesichts des Klimaschutzes relevant sind.\" \/>\n<meta property=\"og:url\" content=\"https:\/\/grueneskino.net\/blog\/best-practice-aktionstag-anreize-fuer-fahrradfahrer\/\" \/>\n<meta property=\"og:site_name\" content=\"Gr\u00fcnes Kino\" \/>\n<meta property=\"article:published_time\" content=\"2020-06-02T22:12:11+00:00\" \/>\n<meta property=\"article:modified_time\" content=\"2020-08-14T11:37:53+00:00\" \/>\n<meta property=\"og:image\" content=\"https:\/\/grueneskino.net\/blog\/wp-content\/uploads\/2020\/06\/bike-213691_1280.jpg\" \/>\n\t<meta property=\"og:image:width\" content=\"1280\" \/>\n\t<meta property=\"og:image:height\" content=\"952\" \/>\n\t<meta property=\"og:image:type\" content=\"image\/jpeg\" \/>\n<meta name=\"author\" content=\"Birgit\" \/>\n<meta name=\"twitter:card\" content=\"summary_large_image\" \/>\n<meta name=\"twitter:label1\" content=\"Verfasst von\" \/>\n\t<meta name=\"twitter:data1\" content=\"Birgit\" \/>\n<script type=\"application\/ld+json\" class=\"yoast-schema-graph\">{\"@context\":\"https:\\\/\\\/schema.org\",\"@graph\":[{\"@type\":\"Article\",\"@id\":\"https:\\\/\\\/grueneskino.net\\\/blog\\\/best-practice-aktionstag-anreize-fuer-fahrradfahrer\\\/#article\",\"isPartOf\":{\"@id\":\"https:\\\/\\\/grueneskino.net\\\/blog\\\/best-practice-aktionstag-anreize-fuer-fahrradfahrer\\\/\"},\"author\":{\"name\":\"Birgit\",\"@id\":\"https:\\\/\\\/grueneskino.net\\\/blog\\\/#\\\/schema\\\/person\\\/a42c4207e4e152fd77090dacd9ee24ad\"},\"headline\":\"Best Practice: Aktionstag &#8211; Anreize f\u00fcr Fahrradfahrer\",\"datePublished\":\"2020-06-02T22:12:11+00:00\",\"dateModified\":\"2020-08-14T11:37:53+00:00\",\"mainEntityOfPage\":{\"@id\":\"https:\\\/\\\/grueneskino.net\\\/blog\\\/best-practice-aktionstag-anreize-fuer-fahrradfahrer\\\/\"},\"wordCount\":8,\"commentCount\":0,\"publisher\":{\"@id\":\"https:\\\/\\\/grueneskino.net\\\/blog\\\/#organization\"},\"image\":{\"@id\":\"https:\\\/\\\/grueneskino.net\\\/blog\\\/best-practice-aktionstag-anreize-fuer-fahrradfahrer\\\/#primaryimage\"},\"thumbnailUrl\":\"https:\\\/\\\/grueneskino.net\\\/blog\\\/wp-content\\\/uploads\\\/2020\\\/06\\\/bike-213691_1280.jpg\",\"articleSection\":[\"Energieeffizienz\",\"Fahrrad\",\"Mobilit\u00e4t\"],\"inLanguage\":\"de\"},{\"@type\":\"WebPage\",\"@id\":\"https:\\\/\\\/grueneskino.net\\\/blog\\\/best-practice-aktionstag-anreize-fuer-fahrradfahrer\\\/\",\"url\":\"https:\\\/\\\/grueneskino.net\\\/blog\\\/best-practice-aktionstag-anreize-fuer-fahrradfahrer\\\/\",\"name\":\"Best Practice: Aktionstag - Anreize f\u00fcr Fahrradfahrer - Gr\u00fcnes Kino\",\"isPartOf\":{\"@id\":\"https:\\\/\\\/grueneskino.net\\\/blog\\\/#website\"},\"primaryImageOfPage\":{\"@id\":\"https:\\\/\\\/grueneskino.net\\\/blog\\\/best-practice-aktionstag-anreize-fuer-fahrradfahrer\\\/#primaryimage\"},\"image\":{\"@id\":\"https:\\\/\\\/grueneskino.net\\\/blog\\\/best-practice-aktionstag-anreize-fuer-fahrradfahrer\\\/#primaryimage\"},\"thumbnailUrl\":\"https:\\\/\\\/grueneskino.net\\\/blog\\\/wp-content\\\/uploads\\\/2020\\\/06\\\/bike-213691_1280.jpg\",\"datePublished\":\"2020-06-02T22:12:11+00:00\",\"dateModified\":\"2020-08-14T11:37:53+00:00\",\"description\":\"Mit dem Tag des Fahrrads am 3. Juni wird allj\u00e4hrlich f\u00fcr das umweltfreundliche und gesunde Fortbewegungsmittel geworben. Zugleich soll mit dem 1998 ins Leben gerufenen Aktionstag auf die zunehmenden Verkehrsprobleme durch motorisierte Fortbewegungsmittel hingewiesen werden, die angesichts des Klimaschutzes relevant sind.\",\"breadcrumb\":{\"@id\":\"https:\\\/\\\/grueneskino.net\\\/blog\\\/best-practice-aktionstag-anreize-fuer-fahrradfahrer\\\/#breadcrumb\"},\"inLanguage\":\"de\",\"potentialAction\":[{\"@type\":\"ReadAction\",\"target\":[\"https:\\\/\\\/grueneskino.net\\\/blog\\\/best-practice-aktionstag-anreize-fuer-fahrradfahrer\\\/\"]}]},{\"@type\":\"ImageObject\",\"inLanguage\":\"de\",\"@id\":\"https:\\\/\\\/grueneskino.net\\\/blog\\\/best-practice-aktionstag-anreize-fuer-fahrradfahrer\\\/#primaryimage\",\"url\":\"https:\\\/\\\/grueneskino.net\\\/blog\\\/wp-content\\\/uploads\\\/2020\\\/06\\\/bike-213691_1280.jpg\",\"contentUrl\":\"https:\\\/\\\/grueneskino.net\\\/blog\\\/wp-content\\\/uploads\\\/2020\\\/06\\\/bike-213691_1280.jpg\",\"width\":1280,\"height\":952},{\"@type\":\"BreadcrumbList\",\"@id\":\"https:\\\/\\\/grueneskino.net\\\/blog\\\/best-practice-aktionstag-anreize-fuer-fahrradfahrer\\\/#breadcrumb\",\"itemListElement\":[{\"@type\":\"ListItem\",\"position\":1,\"name\":\"Startseite\",\"item\":\"https:\\\/\\\/grueneskino.net\\\/blog\\\/\"},{\"@type\":\"ListItem\",\"position\":2,\"name\":\"Best Practice: Aktionstag &#8211; Anreize f\u00fcr Fahrradfahrer\"}]},{\"@type\":\"WebSite\",\"@id\":\"https:\\\/\\\/grueneskino.net\\\/blog\\\/#website\",\"url\":\"https:\\\/\\\/grueneskino.net\\\/blog\\\/\",\"name\":\"Gr\u00fcnes Kino\",\"description\":\"Das Gr\u00fcne Kinohandbuch der FFA\",\"publisher\":{\"@id\":\"https:\\\/\\\/grueneskino.net\\\/blog\\\/#organization\"},\"potentialAction\":[{\"@type\":\"SearchAction\",\"target\":{\"@type\":\"EntryPoint\",\"urlTemplate\":\"https:\\\/\\\/grueneskino.net\\\/blog\\\/?s={search_term_string}\"},\"query-input\":{\"@type\":\"PropertyValueSpecification\",\"valueRequired\":true,\"valueName\":\"search_term_string\"}}],\"inLanguage\":\"de\"},{\"@type\":\"Organization\",\"@id\":\"https:\\\/\\\/grueneskino.net\\\/blog\\\/#organization\",\"name\":\"FFA\",\"url\":\"https:\\\/\\\/grueneskino.net\\\/blog\\\/\",\"logo\":{\"@type\":\"ImageObject\",\"inLanguage\":\"de\",\"@id\":\"https:\\\/\\\/grueneskino.net\\\/blog\\\/#\\\/schema\\\/logo\\\/image\\\/\",\"url\":\"https:\\\/\\\/xn--grneskino-r9a.de\\\/blog\\\/wp-content\\\/uploads\\\/2018\\\/11\\\/LFFA_G72.gif\",\"contentUrl\":\"https:\\\/\\\/xn--grneskino-r9a.de\\\/blog\\\/wp-content\\\/uploads\\\/2018\\\/11\\\/LFFA_G72.gif\",\"width\":340,\"height\":142,\"caption\":\"FFA\"},\"image\":{\"@id\":\"https:\\\/\\\/grueneskino.net\\\/blog\\\/#\\\/schema\\\/logo\\\/image\\\/\"}},{\"@type\":\"Person\",\"@id\":\"https:\\\/\\\/grueneskino.net\\\/blog\\\/#\\\/schema\\\/person\\\/a42c4207e4e152fd77090dacd9ee24ad\",\"name\":\"Birgit\",\"image\":{\"@type\":\"ImageObject\",\"inLanguage\":\"de\",\"@id\":\"https:\\\/\\\/secure.gravatar.com\\\/avatar\\\/ef8c46061666bd9d5949acacd5b1a7c8bebeb871f0435a00606526208115f836?s=96&d=mm&r=g\",\"url\":\"https:\\\/\\\/secure.gravatar.com\\\/avatar\\\/ef8c46061666bd9d5949acacd5b1a7c8bebeb871f0435a00606526208115f836?s=96&d=mm&r=g\",\"contentUrl\":\"https:\\\/\\\/secure.gravatar.com\\\/avatar\\\/ef8c46061666bd9d5949acacd5b1a7c8bebeb871f0435a00606526208115f836?s=96&d=mm&r=g\",\"caption\":\"Birgit\"},\"url\":\"https:\\\/\\\/grueneskino.net\\\/blog\\\/author\\\/birgit\\\/\"}]}<\/script>\n<!-- \/ Yoast SEO plugin. -->","yoast_head_json":{"title":"Best Practice: Aktionstag - Anreize f\u00fcr Fahrradfahrer - Gr\u00fcnes Kino","description":"Mit dem Tag des Fahrrads am 3. Juni wird allj\u00e4hrlich f\u00fcr das umweltfreundliche und gesunde Fortbewegungsmittel geworben. Zugleich soll mit dem 1998 ins Leben gerufenen Aktionstag auf die zunehmenden Verkehrsprobleme durch motorisierte Fortbewegungsmittel hingewiesen werden, die angesichts des Klimaschutzes relevant sind.","robots":{"index":"index","follow":"follow","max-snippet":"max-snippet:-1","max-image-preview":"max-image-preview:large","max-video-preview":"max-video-preview:-1"},"canonical":"https:\/\/grueneskino.net\/blog\/best-practice-aktionstag-anreize-fuer-fahrradfahrer\/","og_locale":"de_DE","og_type":"article","og_title":"Best Practice: Aktionstag - Anreize f\u00fcr Fahrradfahrer - Gr\u00fcnes Kino","og_description":"Mit dem Tag des Fahrrads am 3. Juni wird allj\u00e4hrlich f\u00fcr das umweltfreundliche und gesunde Fortbewegungsmittel geworben. Zugleich soll mit dem 1998 ins Leben gerufenen Aktionstag auf die zunehmenden Verkehrsprobleme durch motorisierte Fortbewegungsmittel hingewiesen werden, die angesichts des Klimaschutzes relevant sind.","og_url":"https:\/\/grueneskino.net\/blog\/best-practice-aktionstag-anreize-fuer-fahrradfahrer\/","og_site_name":"Gr\u00fcnes Kino","article_published_time":"2020-06-02T22:12:11+00:00","article_modified_time":"2020-08-14T11:37:53+00:00","og_image":[{"width":1280,"height":952,"url":"https:\/\/grueneskino.net\/blog\/wp-content\/uploads\/2020\/06\/bike-213691_1280.jpg","type":"image\/jpeg"}],"author":"Birgit","twitter_card":"summary_large_image","twitter_misc":{"Verfasst von":"Birgit"},"schema":{"@context":"https:\/\/schema.org","@graph":[{"@type":"Article","@id":"https:\/\/grueneskino.net\/blog\/best-practice-aktionstag-anreize-fuer-fahrradfahrer\/#article","isPartOf":{"@id":"https:\/\/grueneskino.net\/blog\/best-practice-aktionstag-anreize-fuer-fahrradfahrer\/"},"author":{"name":"Birgit","@id":"https:\/\/grueneskino.net\/blog\/#\/schema\/person\/a42c4207e4e152fd77090dacd9ee24ad"},"headline":"Best Practice: Aktionstag &#8211; Anreize f\u00fcr Fahrradfahrer","datePublished":"2020-06-02T22:12:11+00:00","dateModified":"2020-08-14T11:37:53+00:00","mainEntityOfPage":{"@id":"https:\/\/grueneskino.net\/blog\/best-practice-aktionstag-anreize-fuer-fahrradfahrer\/"},"wordCount":8,"commentCount":0,"publisher":{"@id":"https:\/\/grueneskino.net\/blog\/#organization"},"image":{"@id":"https:\/\/grueneskino.net\/blog\/best-practice-aktionstag-anreize-fuer-fahrradfahrer\/#primaryimage"},"thumbnailUrl":"https:\/\/grueneskino.net\/blog\/wp-content\/uploads\/2020\/06\/bike-213691_1280.jpg","articleSection":["Energieeffizienz","Fahrrad","Mobilit\u00e4t"],"inLanguage":"de"},{"@type":"WebPage","@id":"https:\/\/grueneskino.net\/blog\/best-practice-aktionstag-anreize-fuer-fahrradfahrer\/","url":"https:\/\/grueneskino.net\/blog\/best-practice-aktionstag-anreize-fuer-fahrradfahrer\/","name":"Best Practice: Aktionstag - Anreize f\u00fcr Fahrradfahrer - Gr\u00fcnes Kino","isPartOf":{"@id":"https:\/\/grueneskino.net\/blog\/#website"},"primaryImageOfPage":{"@id":"https:\/\/grueneskino.net\/blog\/best-practice-aktionstag-anreize-fuer-fahrradfahrer\/#primaryimage"},"image":{"@id":"https:\/\/grueneskino.net\/blog\/best-practice-aktionstag-anreize-fuer-fahrradfahrer\/#primaryimage"},"thumbnailUrl":"https:\/\/grueneskino.net\/blog\/wp-content\/uploads\/2020\/06\/bike-213691_1280.jpg","datePublished":"2020-06-02T22:12:11+00:00","dateModified":"2020-08-14T11:37:53+00:00","description":"Mit dem Tag des Fahrrads am 3. Juni wird allj\u00e4hrlich f\u00fcr das umweltfreundliche und gesunde Fortbewegungsmittel geworben. Zugleich soll mit dem 1998 ins Leben gerufenen Aktionstag auf die zunehmenden Verkehrsprobleme durch motorisierte Fortbewegungsmittel hingewiesen werden, die angesichts des Klimaschutzes relevant sind.","breadcrumb":{"@id":"https:\/\/grueneskino.net\/blog\/best-practice-aktionstag-anreize-fuer-fahrradfahrer\/#breadcrumb"},"inLanguage":"de","potentialAction":[{"@type":"ReadAction","target":["https:\/\/grueneskino.net\/blog\/best-practice-aktionstag-anreize-fuer-fahrradfahrer\/"]}]},{"@type":"ImageObject","inLanguage":"de","@id":"https:\/\/grueneskino.net\/blog\/best-practice-aktionstag-anreize-fuer-fahrradfahrer\/#primaryimage","url":"https:\/\/grueneskino.net\/blog\/wp-content\/uploads\/2020\/06\/bike-213691_1280.jpg","contentUrl":"https:\/\/grueneskino.net\/blog\/wp-content\/uploads\/2020\/06\/bike-213691_1280.jpg","width":1280,"height":952},{"@type":"BreadcrumbList","@id":"https:\/\/grueneskino.net\/blog\/best-practice-aktionstag-anreize-fuer-fahrradfahrer\/#breadcrumb","itemListElement":[{"@type":"ListItem","position":1,"name":"Startseite","item":"https:\/\/grueneskino.net\/blog\/"},{"@type":"ListItem","position":2,"name":"Best Practice: Aktionstag &#8211; Anreize f\u00fcr Fahrradfahrer"}]},{"@type":"WebSite","@id":"https:\/\/grueneskino.net\/blog\/#website","url":"https:\/\/grueneskino.net\/blog\/","name":"Gr\u00fcnes Kino","description":"Das Gr\u00fcne Kinohandbuch der FFA","publisher":{"@id":"https:\/\/grueneskino.net\/blog\/#organization"},"potentialAction":[{"@type":"SearchAction","target":{"@type":"EntryPoint","urlTemplate":"https:\/\/grueneskino.net\/blog\/?s={search_term_string}"},"query-input":{"@type":"PropertyValueSpecification","valueRequired":true,"valueName":"search_term_string"}}],"inLanguage":"de"},{"@type":"Organization","@id":"https:\/\/grueneskino.net\/blog\/#organization","name":"FFA","url":"https:\/\/grueneskino.net\/blog\/","logo":{"@type":"ImageObject","inLanguage":"de","@id":"https:\/\/grueneskino.net\/blog\/#\/schema\/logo\/image\/","url":"https:\/\/xn--grneskino-r9a.de\/blog\/wp-content\/uploads\/2018\/11\/LFFA_G72.gif","contentUrl":"https:\/\/xn--grneskino-r9a.de\/blog\/wp-content\/uploads\/2018\/11\/LFFA_G72.gif","width":340,"height":142,"caption":"FFA"},"image":{"@id":"https:\/\/grueneskino.net\/blog\/#\/schema\/logo\/image\/"}},{"@type":"Person","@id":"https:\/\/grueneskino.net\/blog\/#\/schema\/person\/a42c4207e4e152fd77090dacd9ee24ad","name":"Birgit","image":{"@type":"ImageObject","inLanguage":"de","@id":"https:\/\/secure.gravatar.com\/avatar\/ef8c46061666bd9d5949acacd5b1a7c8bebeb871f0435a00606526208115f836?s=96&d=mm&r=g","url":"https:\/\/secure.gravatar.com\/avatar\/ef8c46061666bd9d5949acacd5b1a7c8bebeb871f0435a00606526208115f836?s=96&d=mm&r=g","contentUrl":"https:\/\/secure.gravatar.com\/avatar\/ef8c46061666bd9d5949acacd5b1a7c8bebeb871f0435a00606526208115f836?s=96&d=mm&r=g","caption":"Birgit"},"url":"https:\/\/grueneskino.net\/blog\/author\/birgit\/"}]}},"_links":{"self":[{"href":"https:\/\/grueneskino.net\/blog\/wp-json\/wp\/v2\/posts\/3531","targetHints":{"allow":["GET"]}}],"collection":[{"href":"https:\/\/grueneskino.net\/blog\/wp-json\/wp\/v2\/posts"}],"about":[{"href":"https:\/\/grueneskino.net\/blog\/wp-json\/wp\/v2\/types\/post"}],"author":[{"embeddable":true,"href":"https:\/\/grueneskino.net\/blog\/wp-json\/wp\/v2\/users\/1"}],"replies":[{"embeddable":true,"href":"https:\/\/grueneskino.net\/blog\/wp-json\/wp\/v2\/comments?post=3531"}],"version-history":[{"count":19,"href":"https:\/\/grueneskino.net\/blog\/wp-json\/wp\/v2\/posts\/3531\/revisions"}],"predecessor-version":[{"id":3675,"href":"https:\/\/grueneskino.net\/blog\/wp-json\/wp\/v2\/posts\/3531\/revisions\/3675"}],"wp:featuredmedia":[{"embeddable":true,"href":"https:\/\/grueneskino.net\/blog\/wp-json\/wp\/v2\/media\/3540"}],"wp:attachment":[{"href":"https:\/\/grueneskino.net\/blog\/wp-json\/wp\/v2\/media?parent=3531"}],"wp:term":[{"taxonomy":"category","embeddable":true,"href":"https:\/\/grueneskino.net\/blog\/wp-json\/wp\/v2\/categories?post=3531"},{"taxonomy":"post_tag","embeddable":true,"href":"https:\/\/grueneskino.net\/blog\/wp-json\/wp\/v2\/tags?post=3531"}],"curies":[{"name":"wp","href":"https:\/\/api.w.org\/{rel}","templated":true}]}}