{"id":7756,"date":"2022-04-30T00:27:26","date_gmt":"2022-04-29T22:27:26","guid":{"rendered":"https:\/\/grueneskino.net\/blog\/?p=7756"},"modified":"2022-05-02T12:05:49","modified_gmt":"2022-05-02T10:05:49","slug":"neue-projektkoordination-bei-kinonatuerlich","status":"publish","type":"post","link":"https:\/\/grueneskino.net\/blog\/neue-projektkoordination-bei-kinonatuerlich\/","title":{"rendered":"Neue Projektkoordination bei \u201eKino:Nat\u00fcrlich&#8220;"},"content":{"rendered":"","protected":false},"excerpt":{"rendered":"","protected":false},"author":1,"featured_media":7836,"comment_status":"open","ping_status":"open","sticky":false,"template":"","format":"standard","meta":{"_monsterinsights_skip_tracking":false,"_monsterinsights_sitenote_active":false,"_monsterinsights_sitenote_note":"","_monsterinsights_sitenote_category":0,"footnotes":""},"categories":[55],"tags":[],"class_list":["post-7756","post","type-post","status-publish","format-standard","has-post-thumbnail","hentry","category-neue-entwicklungen"],"acf":[],"aioseo_notices":[],"yoast_head":"<!-- This site is optimized with the Yoast SEO plugin v27.4 - https:\/\/yoast.com\/product\/yoast-seo-wordpress\/ -->\n<title>Neue Projektkoordination bei \u201eKino:Nat\u00fcrlich&quot; - Gr\u00fcnes Kino<\/title>\n<meta name=\"description\" content=\"Der Berliner Kinobetreiber Daniel Wuschansky hat die Projektkoordination der Initiative \u201eKino: Nat\u00fcrlich\u201c \u00fcbernommen, mit der die AG Kino \u2013 Gilde e.V. den Klimaschutz im Kino unterst\u00fctzt. Daniel Wuschansky, der bereits seit 2014 im IL KINO in Neuk\u00f6lln auf Nachhaltigkeit setzt, wird die Arthousekinos bei der Umsetzung ressourcenschonender Ma\u00dfnahmen begleiten.\" \/>\n<meta name=\"robots\" content=\"index, follow, max-snippet:-1, max-image-preview:large, max-video-preview:-1\" \/>\n<link rel=\"canonical\" href=\"https:\/\/grueneskino.net\/blog\/neue-projektkoordination-bei-kinonatuerlich\/\" \/>\n<meta property=\"og:locale\" content=\"de_DE\" \/>\n<meta property=\"og:type\" content=\"article\" \/>\n<meta property=\"og:title\" content=\"Neue Projektkoordination bei \u201eKino:Nat\u00fcrlich&quot; - Gr\u00fcnes Kino\" \/>\n<meta property=\"og:description\" content=\"Der Berliner Kinobetreiber Daniel Wuschansky hat die Projektkoordination der Initiative \u201eKino: Nat\u00fcrlich\u201c \u00fcbernommen, mit der die AG Kino \u2013 Gilde e.V. den Klimaschutz im Kino unterst\u00fctzt. Daniel Wuschansky, der bereits seit 2014 im IL KINO in Neuk\u00f6lln auf Nachhaltigkeit setzt, wird die Arthousekinos bei der Umsetzung ressourcenschonender Ma\u00dfnahmen begleiten.\" \/>\n<meta property=\"og:url\" content=\"https:\/\/grueneskino.net\/blog\/neue-projektkoordination-bei-kinonatuerlich\/\" \/>\n<meta property=\"og:site_name\" content=\"Gr\u00fcnes Kino\" \/>\n<meta property=\"article:published_time\" content=\"2022-04-29T22:27:26+00:00\" \/>\n<meta property=\"article:modified_time\" content=\"2022-05-02T10:05:49+00:00\" \/>\n<meta property=\"og:image\" content=\"https:\/\/grueneskino.net\/blog\/wp-content\/uploads\/2021\/05\/dan.jpg\" \/>\n\t<meta property=\"og:image:width\" content=\"601\" \/>\n\t<meta property=\"og:image:height\" content=\"447\" \/>\n\t<meta property=\"og:image:type\" content=\"image\/jpeg\" \/>\n<meta name=\"author\" content=\"Birgit\" \/>\n<meta name=\"twitter:card\" content=\"summary_large_image\" \/>\n<meta name=\"twitter:label1\" content=\"Verfasst von\" \/>\n\t<meta name=\"twitter:data1\" content=\"Birgit\" \/>\n<script type=\"application\/ld+json\" class=\"yoast-schema-graph\">{\"@context\":\"https:\\\/\\\/schema.org\",\"@graph\":[{\"@type\":\"Article\",\"@id\":\"https:\\\/\\\/grueneskino.net\\\/blog\\\/neue-projektkoordination-bei-kinonatuerlich\\\/#article\",\"isPartOf\":{\"@id\":\"https:\\\/\\\/grueneskino.net\\\/blog\\\/neue-projektkoordination-bei-kinonatuerlich\\\/\"},\"author\":{\"name\":\"Birgit\",\"@id\":\"https:\\\/\\\/grueneskino.net\\\/blog\\\/#\\\/schema\\\/person\\\/a42c4207e4e152fd77090dacd9ee24ad\"},\"headline\":\"Neue Projektkoordination bei \u201eKino:Nat\u00fcrlich&#8220;\",\"datePublished\":\"2022-04-29T22:27:26+00:00\",\"dateModified\":\"2022-05-02T10:05:49+00:00\",\"mainEntityOfPage\":{\"@id\":\"https:\\\/\\\/grueneskino.net\\\/blog\\\/neue-projektkoordination-bei-kinonatuerlich\\\/\"},\"wordCount\":6,\"commentCount\":0,\"publisher\":{\"@id\":\"https:\\\/\\\/grueneskino.net\\\/blog\\\/#organization\"},\"image\":{\"@id\":\"https:\\\/\\\/grueneskino.net\\\/blog\\\/neue-projektkoordination-bei-kinonatuerlich\\\/#primaryimage\"},\"thumbnailUrl\":\"https:\\\/\\\/grueneskino.net\\\/blog\\\/wp-content\\\/uploads\\\/2021\\\/05\\\/dan.jpg\",\"inLanguage\":\"de\"},{\"@type\":\"WebPage\",\"@id\":\"https:\\\/\\\/grueneskino.net\\\/blog\\\/neue-projektkoordination-bei-kinonatuerlich\\\/\",\"url\":\"https:\\\/\\\/grueneskino.net\\\/blog\\\/neue-projektkoordination-bei-kinonatuerlich\\\/\",\"name\":\"Neue Projektkoordination bei \u201eKino:Nat\u00fcrlich\\\" - Gr\u00fcnes Kino\",\"isPartOf\":{\"@id\":\"https:\\\/\\\/grueneskino.net\\\/blog\\\/#website\"},\"primaryImageOfPage\":{\"@id\":\"https:\\\/\\\/grueneskino.net\\\/blog\\\/neue-projektkoordination-bei-kinonatuerlich\\\/#primaryimage\"},\"image\":{\"@id\":\"https:\\\/\\\/grueneskino.net\\\/blog\\\/neue-projektkoordination-bei-kinonatuerlich\\\/#primaryimage\"},\"thumbnailUrl\":\"https:\\\/\\\/grueneskino.net\\\/blog\\\/wp-content\\\/uploads\\\/2021\\\/05\\\/dan.jpg\",\"datePublished\":\"2022-04-29T22:27:26+00:00\",\"dateModified\":\"2022-05-02T10:05:49+00:00\",\"description\":\"Der Berliner Kinobetreiber Daniel Wuschansky hat die Projektkoordination der Initiative \u201eKino: Nat\u00fcrlich\u201c \u00fcbernommen, mit der die AG Kino \u2013 Gilde e.V. den Klimaschutz im Kino unterst\u00fctzt. Daniel Wuschansky, der bereits seit 2014 im IL KINO in Neuk\u00f6lln auf Nachhaltigkeit setzt, wird die Arthousekinos bei der Umsetzung ressourcenschonender Ma\u00dfnahmen begleiten.\",\"breadcrumb\":{\"@id\":\"https:\\\/\\\/grueneskino.net\\\/blog\\\/neue-projektkoordination-bei-kinonatuerlich\\\/#breadcrumb\"},\"inLanguage\":\"de\",\"potentialAction\":[{\"@type\":\"ReadAction\",\"target\":[\"https:\\\/\\\/grueneskino.net\\\/blog\\\/neue-projektkoordination-bei-kinonatuerlich\\\/\"]}]},{\"@type\":\"ImageObject\",\"inLanguage\":\"de\",\"@id\":\"https:\\\/\\\/grueneskino.net\\\/blog\\\/neue-projektkoordination-bei-kinonatuerlich\\\/#primaryimage\",\"url\":\"https:\\\/\\\/grueneskino.net\\\/blog\\\/wp-content\\\/uploads\\\/2021\\\/05\\\/dan.jpg\",\"contentUrl\":\"https:\\\/\\\/grueneskino.net\\\/blog\\\/wp-content\\\/uploads\\\/2021\\\/05\\\/dan.jpg\",\"width\":601,\"height\":447},{\"@type\":\"BreadcrumbList\",\"@id\":\"https:\\\/\\\/grueneskino.net\\\/blog\\\/neue-projektkoordination-bei-kinonatuerlich\\\/#breadcrumb\",\"itemListElement\":[{\"@type\":\"ListItem\",\"position\":1,\"name\":\"Startseite\",\"item\":\"https:\\\/\\\/grueneskino.net\\\/blog\\\/\"},{\"@type\":\"ListItem\",\"position\":2,\"name\":\"Neue Projektkoordination bei \u201eKino:Nat\u00fcrlich&#8220;\"}]},{\"@type\":\"WebSite\",\"@id\":\"https:\\\/\\\/grueneskino.net\\\/blog\\\/#website\",\"url\":\"https:\\\/\\\/grueneskino.net\\\/blog\\\/\",\"name\":\"Gr\u00fcnes Kino\",\"description\":\"Das Gr\u00fcne Kinohandbuch der FFA\",\"publisher\":{\"@id\":\"https:\\\/\\\/grueneskino.net\\\/blog\\\/#organization\"},\"potentialAction\":[{\"@type\":\"SearchAction\",\"target\":{\"@type\":\"EntryPoint\",\"urlTemplate\":\"https:\\\/\\\/grueneskino.net\\\/blog\\\/?s={search_term_string}\"},\"query-input\":{\"@type\":\"PropertyValueSpecification\",\"valueRequired\":true,\"valueName\":\"search_term_string\"}}],\"inLanguage\":\"de\"},{\"@type\":\"Organization\",\"@id\":\"https:\\\/\\\/grueneskino.net\\\/blog\\\/#organization\",\"name\":\"FFA\",\"url\":\"https:\\\/\\\/grueneskino.net\\\/blog\\\/\",\"logo\":{\"@type\":\"ImageObject\",\"inLanguage\":\"de\",\"@id\":\"https:\\\/\\\/grueneskino.net\\\/blog\\\/#\\\/schema\\\/logo\\\/image\\\/\",\"url\":\"https:\\\/\\\/xn--grneskino-r9a.de\\\/blog\\\/wp-content\\\/uploads\\\/2018\\\/11\\\/LFFA_G72.gif\",\"contentUrl\":\"https:\\\/\\\/xn--grneskino-r9a.de\\\/blog\\\/wp-content\\\/uploads\\\/2018\\\/11\\\/LFFA_G72.gif\",\"width\":340,\"height\":142,\"caption\":\"FFA\"},\"image\":{\"@id\":\"https:\\\/\\\/grueneskino.net\\\/blog\\\/#\\\/schema\\\/logo\\\/image\\\/\"}},{\"@type\":\"Person\",\"@id\":\"https:\\\/\\\/grueneskino.net\\\/blog\\\/#\\\/schema\\\/person\\\/a42c4207e4e152fd77090dacd9ee24ad\",\"name\":\"Birgit\",\"image\":{\"@type\":\"ImageObject\",\"inLanguage\":\"de\",\"@id\":\"https:\\\/\\\/secure.gravatar.com\\\/avatar\\\/ef8c46061666bd9d5949acacd5b1a7c8bebeb871f0435a00606526208115f836?s=96&d=mm&r=g\",\"url\":\"https:\\\/\\\/secure.gravatar.com\\\/avatar\\\/ef8c46061666bd9d5949acacd5b1a7c8bebeb871f0435a00606526208115f836?s=96&d=mm&r=g\",\"contentUrl\":\"https:\\\/\\\/secure.gravatar.com\\\/avatar\\\/ef8c46061666bd9d5949acacd5b1a7c8bebeb871f0435a00606526208115f836?s=96&d=mm&r=g\",\"caption\":\"Birgit\"},\"url\":\"https:\\\/\\\/grueneskino.net\\\/blog\\\/author\\\/birgit\\\/\"}]}<\/script>\n<!-- \/ Yoast SEO plugin. -->","yoast_head_json":{"title":"Neue Projektkoordination bei \u201eKino:Nat\u00fcrlich\" - Gr\u00fcnes Kino","description":"Der Berliner Kinobetreiber Daniel Wuschansky hat die Projektkoordination der Initiative \u201eKino: Nat\u00fcrlich\u201c \u00fcbernommen, mit der die AG Kino \u2013 Gilde e.V. den Klimaschutz im Kino unterst\u00fctzt. Daniel Wuschansky, der bereits seit 2014 im IL KINO in Neuk\u00f6lln auf Nachhaltigkeit setzt, wird die Arthousekinos bei der Umsetzung ressourcenschonender Ma\u00dfnahmen begleiten.","robots":{"index":"index","follow":"follow","max-snippet":"max-snippet:-1","max-image-preview":"max-image-preview:large","max-video-preview":"max-video-preview:-1"},"canonical":"https:\/\/grueneskino.net\/blog\/neue-projektkoordination-bei-kinonatuerlich\/","og_locale":"de_DE","og_type":"article","og_title":"Neue Projektkoordination bei \u201eKino:Nat\u00fcrlich\" - Gr\u00fcnes Kino","og_description":"Der Berliner Kinobetreiber Daniel Wuschansky hat die Projektkoordination der Initiative \u201eKino: Nat\u00fcrlich\u201c \u00fcbernommen, mit der die AG Kino \u2013 Gilde e.V. den Klimaschutz im Kino unterst\u00fctzt. Daniel Wuschansky, der bereits seit 2014 im IL KINO in Neuk\u00f6lln auf Nachhaltigkeit setzt, wird die Arthousekinos bei der Umsetzung ressourcenschonender Ma\u00dfnahmen begleiten.","og_url":"https:\/\/grueneskino.net\/blog\/neue-projektkoordination-bei-kinonatuerlich\/","og_site_name":"Gr\u00fcnes Kino","article_published_time":"2022-04-29T22:27:26+00:00","article_modified_time":"2022-05-02T10:05:49+00:00","og_image":[{"width":601,"height":447,"url":"https:\/\/grueneskino.net\/blog\/wp-content\/uploads\/2021\/05\/dan.jpg","type":"image\/jpeg"}],"author":"Birgit","twitter_card":"summary_large_image","twitter_misc":{"Verfasst von":"Birgit"},"schema":{"@context":"https:\/\/schema.org","@graph":[{"@type":"Article","@id":"https:\/\/grueneskino.net\/blog\/neue-projektkoordination-bei-kinonatuerlich\/#article","isPartOf":{"@id":"https:\/\/grueneskino.net\/blog\/neue-projektkoordination-bei-kinonatuerlich\/"},"author":{"name":"Birgit","@id":"https:\/\/grueneskino.net\/blog\/#\/schema\/person\/a42c4207e4e152fd77090dacd9ee24ad"},"headline":"Neue Projektkoordination bei \u201eKino:Nat\u00fcrlich&#8220;","datePublished":"2022-04-29T22:27:26+00:00","dateModified":"2022-05-02T10:05:49+00:00","mainEntityOfPage":{"@id":"https:\/\/grueneskino.net\/blog\/neue-projektkoordination-bei-kinonatuerlich\/"},"wordCount":6,"commentCount":0,"publisher":{"@id":"https:\/\/grueneskino.net\/blog\/#organization"},"image":{"@id":"https:\/\/grueneskino.net\/blog\/neue-projektkoordination-bei-kinonatuerlich\/#primaryimage"},"thumbnailUrl":"https:\/\/grueneskino.net\/blog\/wp-content\/uploads\/2021\/05\/dan.jpg","inLanguage":"de"},{"@type":"WebPage","@id":"https:\/\/grueneskino.net\/blog\/neue-projektkoordination-bei-kinonatuerlich\/","url":"https:\/\/grueneskino.net\/blog\/neue-projektkoordination-bei-kinonatuerlich\/","name":"Neue Projektkoordination bei \u201eKino:Nat\u00fcrlich\" - Gr\u00fcnes Kino","isPartOf":{"@id":"https:\/\/grueneskino.net\/blog\/#website"},"primaryImageOfPage":{"@id":"https:\/\/grueneskino.net\/blog\/neue-projektkoordination-bei-kinonatuerlich\/#primaryimage"},"image":{"@id":"https:\/\/grueneskino.net\/blog\/neue-projektkoordination-bei-kinonatuerlich\/#primaryimage"},"thumbnailUrl":"https:\/\/grueneskino.net\/blog\/wp-content\/uploads\/2021\/05\/dan.jpg","datePublished":"2022-04-29T22:27:26+00:00","dateModified":"2022-05-02T10:05:49+00:00","description":"Der Berliner Kinobetreiber Daniel Wuschansky hat die Projektkoordination der Initiative \u201eKino: Nat\u00fcrlich\u201c \u00fcbernommen, mit der die AG Kino \u2013 Gilde e.V. den Klimaschutz im Kino unterst\u00fctzt. Daniel Wuschansky, der bereits seit 2014 im IL KINO in Neuk\u00f6lln auf Nachhaltigkeit setzt, wird die Arthousekinos bei der Umsetzung ressourcenschonender Ma\u00dfnahmen begleiten.","breadcrumb":{"@id":"https:\/\/grueneskino.net\/blog\/neue-projektkoordination-bei-kinonatuerlich\/#breadcrumb"},"inLanguage":"de","potentialAction":[{"@type":"ReadAction","target":["https:\/\/grueneskino.net\/blog\/neue-projektkoordination-bei-kinonatuerlich\/"]}]},{"@type":"ImageObject","inLanguage":"de","@id":"https:\/\/grueneskino.net\/blog\/neue-projektkoordination-bei-kinonatuerlich\/#primaryimage","url":"https:\/\/grueneskino.net\/blog\/wp-content\/uploads\/2021\/05\/dan.jpg","contentUrl":"https:\/\/grueneskino.net\/blog\/wp-content\/uploads\/2021\/05\/dan.jpg","width":601,"height":447},{"@type":"BreadcrumbList","@id":"https:\/\/grueneskino.net\/blog\/neue-projektkoordination-bei-kinonatuerlich\/#breadcrumb","itemListElement":[{"@type":"ListItem","position":1,"name":"Startseite","item":"https:\/\/grueneskino.net\/blog\/"},{"@type":"ListItem","position":2,"name":"Neue Projektkoordination bei \u201eKino:Nat\u00fcrlich&#8220;"}]},{"@type":"WebSite","@id":"https:\/\/grueneskino.net\/blog\/#website","url":"https:\/\/grueneskino.net\/blog\/","name":"Gr\u00fcnes Kino","description":"Das Gr\u00fcne Kinohandbuch der FFA","publisher":{"@id":"https:\/\/grueneskino.net\/blog\/#organization"},"potentialAction":[{"@type":"SearchAction","target":{"@type":"EntryPoint","urlTemplate":"https:\/\/grueneskino.net\/blog\/?s={search_term_string}"},"query-input":{"@type":"PropertyValueSpecification","valueRequired":true,"valueName":"search_term_string"}}],"inLanguage":"de"},{"@type":"Organization","@id":"https:\/\/grueneskino.net\/blog\/#organization","name":"FFA","url":"https:\/\/grueneskino.net\/blog\/","logo":{"@type":"ImageObject","inLanguage":"de","@id":"https:\/\/grueneskino.net\/blog\/#\/schema\/logo\/image\/","url":"https:\/\/xn--grneskino-r9a.de\/blog\/wp-content\/uploads\/2018\/11\/LFFA_G72.gif","contentUrl":"https:\/\/xn--grneskino-r9a.de\/blog\/wp-content\/uploads\/2018\/11\/LFFA_G72.gif","width":340,"height":142,"caption":"FFA"},"image":{"@id":"https:\/\/grueneskino.net\/blog\/#\/schema\/logo\/image\/"}},{"@type":"Person","@id":"https:\/\/grueneskino.net\/blog\/#\/schema\/person\/a42c4207e4e152fd77090dacd9ee24ad","name":"Birgit","image":{"@type":"ImageObject","inLanguage":"de","@id":"https:\/\/secure.gravatar.com\/avatar\/ef8c46061666bd9d5949acacd5b1a7c8bebeb871f0435a00606526208115f836?s=96&d=mm&r=g","url":"https:\/\/secure.gravatar.com\/avatar\/ef8c46061666bd9d5949acacd5b1a7c8bebeb871f0435a00606526208115f836?s=96&d=mm&r=g","contentUrl":"https:\/\/secure.gravatar.com\/avatar\/ef8c46061666bd9d5949acacd5b1a7c8bebeb871f0435a00606526208115f836?s=96&d=mm&r=g","caption":"Birgit"},"url":"https:\/\/grueneskino.net\/blog\/author\/birgit\/"}]}},"_links":{"self":[{"href":"https:\/\/grueneskino.net\/blog\/wp-json\/wp\/v2\/posts\/7756","targetHints":{"allow":["GET"]}}],"collection":[{"href":"https:\/\/grueneskino.net\/blog\/wp-json\/wp\/v2\/posts"}],"about":[{"href":"https:\/\/grueneskino.net\/blog\/wp-json\/wp\/v2\/types\/post"}],"author":[{"embeddable":true,"href":"https:\/\/grueneskino.net\/blog\/wp-json\/wp\/v2\/users\/1"}],"replies":[{"embeddable":true,"href":"https:\/\/grueneskino.net\/blog\/wp-json\/wp\/v2\/comments?post=7756"}],"version-history":[{"count":13,"href":"https:\/\/grueneskino.net\/blog\/wp-json\/wp\/v2\/posts\/7756\/revisions"}],"predecessor-version":[{"id":7855,"href":"https:\/\/grueneskino.net\/blog\/wp-json\/wp\/v2\/posts\/7756\/revisions\/7855"}],"wp:featuredmedia":[{"embeddable":true,"href":"https:\/\/grueneskino.net\/blog\/wp-json\/wp\/v2\/media\/7836"}],"wp:attachment":[{"href":"https:\/\/grueneskino.net\/blog\/wp-json\/wp\/v2\/media?parent=7756"}],"wp:term":[{"taxonomy":"category","embeddable":true,"href":"https:\/\/grueneskino.net\/blog\/wp-json\/wp\/v2\/categories?post=7756"},{"taxonomy":"post_tag","embeddable":true,"href":"https:\/\/grueneskino.net\/blog\/wp-json\/wp\/v2\/tags?post=7756"}],"curies":[{"name":"wp","href":"https:\/\/api.w.org\/{rel}","templated":true}]}}