{"id":7916,"date":"2022-05-30T00:55:26","date_gmt":"2022-05-29T22:55:26","guid":{"rendered":"https:\/\/grueneskino.net\/blog\/?p=7916"},"modified":"2022-06-07T17:21:23","modified_gmt":"2022-06-07T15:21:23","slug":"film-und-medienstiftung-nrw-vergibt-praemien-fuer-gruenes-kino","status":"publish","type":"post","link":"https:\/\/grueneskino.net\/blog\/film-und-medienstiftung-nrw-vergibt-praemien-fuer-gruenes-kino\/","title":{"rendered":"Film- und Medienstiftung NRW vergibt Pr\u00e4mien f\u00fcr Gr\u00fcnes Kino"},"content":{"rendered":"","protected":false},"excerpt":{"rendered":"","protected":false},"author":1,"featured_media":7960,"comment_status":"open","ping_status":"open","sticky":false,"template":"","format":"standard","meta":{"_monsterinsights_skip_tracking":false,"_monsterinsights_sitenote_active":false,"_monsterinsights_sitenote_note":"","_monsterinsights_sitenote_category":0,"footnotes":""},"categories":[39,55,32,3,60,37,40],"tags":[],"class_list":["post-7916","post","type-post","status-publish","format-standard","has-post-thumbnail","hentry","category-abfallproduktion","category-neue-entwicklungen","category-concession","category-energieeffizienz","category-events","category-reinigung","category-umweltfreundliche-alternativen"],"acf":[],"aioseo_notices":[],"yoast_head":"<!-- This site is optimized with the Yoast SEO plugin v27.4 - https:\/\/yoast.com\/product\/yoast-seo-wordpress\/ -->\n<title>Film- und Medienstiftung NRW vergibt Pr\u00e4mien f\u00fcr Gr\u00fcnes Kino - Gr\u00fcnes Kino<\/title>\n<meta name=\"description\" content=\"Im Rahmen des 32. Kinoprogrammpreises NRW wird die Film- und Medienstiftung erstmals Sonderpr\u00e4mien f\u00fcr Gr\u00fcnes Kino vergeben. Mit diesem Preis sollen Initiativen und Ma\u00dfnahmen ausgezeichnet werden, die auf Klimaschutz und Nachhaltigkeit im Kino abzielen. Die Antr\u00e4ge k\u00f6nnen bis zum 30. Juni 2022 bei der Film- und Medienstiftung NRW eingereicht werden.\" \/>\n<meta name=\"robots\" content=\"index, follow, max-snippet:-1, max-image-preview:large, max-video-preview:-1\" \/>\n<link rel=\"canonical\" href=\"https:\/\/grueneskino.net\/blog\/film-und-medienstiftung-nrw-vergibt-praemien-fuer-gruenes-kino\/\" \/>\n<meta property=\"og:locale\" content=\"de_DE\" \/>\n<meta property=\"og:type\" content=\"article\" \/>\n<meta property=\"og:title\" content=\"Film- und Medienstiftung NRW vergibt Pr\u00e4mien f\u00fcr Gr\u00fcnes Kino - Gr\u00fcnes Kino\" \/>\n<meta property=\"og:description\" content=\"Im Rahmen des 32. Kinoprogrammpreises NRW wird die Film- und Medienstiftung erstmals Sonderpr\u00e4mien f\u00fcr Gr\u00fcnes Kino vergeben. Mit diesem Preis sollen Initiativen und Ma\u00dfnahmen ausgezeichnet werden, die auf Klimaschutz und Nachhaltigkeit im Kino abzielen. Die Antr\u00e4ge k\u00f6nnen bis zum 30. Juni 2022 bei der Film- und Medienstiftung NRW eingereicht werden.\" \/>\n<meta property=\"og:url\" content=\"https:\/\/grueneskino.net\/blog\/film-und-medienstiftung-nrw-vergibt-praemien-fuer-gruenes-kino\/\" \/>\n<meta property=\"og:site_name\" content=\"Gr\u00fcnes Kino\" \/>\n<meta property=\"article:published_time\" content=\"2022-05-29T22:55:26+00:00\" \/>\n<meta property=\"article:modified_time\" content=\"2022-06-07T15:21:23+00:00\" \/>\n<meta property=\"og:image\" content=\"https:\/\/grueneskino.net\/blog\/wp-content\/uploads\/2022\/06\/preis.jpg\" \/>\n\t<meta property=\"og:image:width\" content=\"909\" \/>\n\t<meta property=\"og:image:height\" content=\"605\" \/>\n\t<meta property=\"og:image:type\" content=\"image\/jpeg\" \/>\n<meta name=\"author\" content=\"Birgit\" \/>\n<meta name=\"twitter:card\" content=\"summary_large_image\" \/>\n<meta name=\"twitter:label1\" content=\"Verfasst von\" \/>\n\t<meta name=\"twitter:data1\" content=\"Birgit\" \/>\n<script type=\"application\/ld+json\" class=\"yoast-schema-graph\">{\"@context\":\"https:\\\/\\\/schema.org\",\"@graph\":[{\"@type\":\"Article\",\"@id\":\"https:\\\/\\\/grueneskino.net\\\/blog\\\/film-und-medienstiftung-nrw-vergibt-praemien-fuer-gruenes-kino\\\/#article\",\"isPartOf\":{\"@id\":\"https:\\\/\\\/grueneskino.net\\\/blog\\\/film-und-medienstiftung-nrw-vergibt-praemien-fuer-gruenes-kino\\\/\"},\"author\":{\"name\":\"Birgit\",\"@id\":\"https:\\\/\\\/grueneskino.net\\\/blog\\\/#\\\/schema\\\/person\\\/a42c4207e4e152fd77090dacd9ee24ad\"},\"headline\":\"Film- und Medienstiftung NRW vergibt Pr\u00e4mien f\u00fcr Gr\u00fcnes Kino\",\"datePublished\":\"2022-05-29T22:55:26+00:00\",\"dateModified\":\"2022-06-07T15:21:23+00:00\",\"mainEntityOfPage\":{\"@id\":\"https:\\\/\\\/grueneskino.net\\\/blog\\\/film-und-medienstiftung-nrw-vergibt-praemien-fuer-gruenes-kino\\\/\"},\"wordCount\":12,\"commentCount\":0,\"publisher\":{\"@id\":\"https:\\\/\\\/grueneskino.net\\\/blog\\\/#organization\"},\"image\":{\"@id\":\"https:\\\/\\\/grueneskino.net\\\/blog\\\/film-und-medienstiftung-nrw-vergibt-praemien-fuer-gruenes-kino\\\/#primaryimage\"},\"thumbnailUrl\":\"https:\\\/\\\/grueneskino.net\\\/blog\\\/wp-content\\\/uploads\\\/2022\\\/06\\\/preis.jpg\",\"articleSection\":{\"0\":\"Abfallproduktion\",\"2\":\"Concession\",\"3\":\"Energieeffizienz\",\"4\":\"Events\",\"5\":\"Reinigung\",\"6\":\"Umweltfreundliche Alternativen\"},\"inLanguage\":\"de\"},{\"@type\":\"WebPage\",\"@id\":\"https:\\\/\\\/grueneskino.net\\\/blog\\\/film-und-medienstiftung-nrw-vergibt-praemien-fuer-gruenes-kino\\\/\",\"url\":\"https:\\\/\\\/grueneskino.net\\\/blog\\\/film-und-medienstiftung-nrw-vergibt-praemien-fuer-gruenes-kino\\\/\",\"name\":\"Film- und Medienstiftung NRW vergibt Pr\u00e4mien f\u00fcr Gr\u00fcnes Kino - Gr\u00fcnes Kino\",\"isPartOf\":{\"@id\":\"https:\\\/\\\/grueneskino.net\\\/blog\\\/#website\"},\"primaryImageOfPage\":{\"@id\":\"https:\\\/\\\/grueneskino.net\\\/blog\\\/film-und-medienstiftung-nrw-vergibt-praemien-fuer-gruenes-kino\\\/#primaryimage\"},\"image\":{\"@id\":\"https:\\\/\\\/grueneskino.net\\\/blog\\\/film-und-medienstiftung-nrw-vergibt-praemien-fuer-gruenes-kino\\\/#primaryimage\"},\"thumbnailUrl\":\"https:\\\/\\\/grueneskino.net\\\/blog\\\/wp-content\\\/uploads\\\/2022\\\/06\\\/preis.jpg\",\"datePublished\":\"2022-05-29T22:55:26+00:00\",\"dateModified\":\"2022-06-07T15:21:23+00:00\",\"description\":\"Im Rahmen des 32. Kinoprogrammpreises NRW wird die Film- und Medienstiftung erstmals Sonderpr\u00e4mien f\u00fcr Gr\u00fcnes Kino vergeben. Mit diesem Preis sollen Initiativen und Ma\u00dfnahmen ausgezeichnet werden, die auf Klimaschutz und Nachhaltigkeit im Kino abzielen. Die Antr\u00e4ge k\u00f6nnen bis zum 30. Juni 2022 bei der Film- und Medienstiftung NRW eingereicht werden.\",\"breadcrumb\":{\"@id\":\"https:\\\/\\\/grueneskino.net\\\/blog\\\/film-und-medienstiftung-nrw-vergibt-praemien-fuer-gruenes-kino\\\/#breadcrumb\"},\"inLanguage\":\"de\",\"potentialAction\":[{\"@type\":\"ReadAction\",\"target\":[\"https:\\\/\\\/grueneskino.net\\\/blog\\\/film-und-medienstiftung-nrw-vergibt-praemien-fuer-gruenes-kino\\\/\"]}]},{\"@type\":\"ImageObject\",\"inLanguage\":\"de\",\"@id\":\"https:\\\/\\\/grueneskino.net\\\/blog\\\/film-und-medienstiftung-nrw-vergibt-praemien-fuer-gruenes-kino\\\/#primaryimage\",\"url\":\"https:\\\/\\\/grueneskino.net\\\/blog\\\/wp-content\\\/uploads\\\/2022\\\/06\\\/preis.jpg\",\"contentUrl\":\"https:\\\/\\\/grueneskino.net\\\/blog\\\/wp-content\\\/uploads\\\/2022\\\/06\\\/preis.jpg\",\"width\":909,\"height\":605},{\"@type\":\"BreadcrumbList\",\"@id\":\"https:\\\/\\\/grueneskino.net\\\/blog\\\/film-und-medienstiftung-nrw-vergibt-praemien-fuer-gruenes-kino\\\/#breadcrumb\",\"itemListElement\":[{\"@type\":\"ListItem\",\"position\":1,\"name\":\"Startseite\",\"item\":\"https:\\\/\\\/grueneskino.net\\\/blog\\\/\"},{\"@type\":\"ListItem\",\"position\":2,\"name\":\"Film- und Medienstiftung NRW vergibt Pr\u00e4mien f\u00fcr Gr\u00fcnes Kino\"}]},{\"@type\":\"WebSite\",\"@id\":\"https:\\\/\\\/grueneskino.net\\\/blog\\\/#website\",\"url\":\"https:\\\/\\\/grueneskino.net\\\/blog\\\/\",\"name\":\"Gr\u00fcnes Kino\",\"description\":\"Das Gr\u00fcne Kinohandbuch der FFA\",\"publisher\":{\"@id\":\"https:\\\/\\\/grueneskino.net\\\/blog\\\/#organization\"},\"potentialAction\":[{\"@type\":\"SearchAction\",\"target\":{\"@type\":\"EntryPoint\",\"urlTemplate\":\"https:\\\/\\\/grueneskino.net\\\/blog\\\/?s={search_term_string}\"},\"query-input\":{\"@type\":\"PropertyValueSpecification\",\"valueRequired\":true,\"valueName\":\"search_term_string\"}}],\"inLanguage\":\"de\"},{\"@type\":\"Organization\",\"@id\":\"https:\\\/\\\/grueneskino.net\\\/blog\\\/#organization\",\"name\":\"FFA\",\"url\":\"https:\\\/\\\/grueneskino.net\\\/blog\\\/\",\"logo\":{\"@type\":\"ImageObject\",\"inLanguage\":\"de\",\"@id\":\"https:\\\/\\\/grueneskino.net\\\/blog\\\/#\\\/schema\\\/logo\\\/image\\\/\",\"url\":\"https:\\\/\\\/xn--grneskino-r9a.de\\\/blog\\\/wp-content\\\/uploads\\\/2018\\\/11\\\/LFFA_G72.gif\",\"contentUrl\":\"https:\\\/\\\/xn--grneskino-r9a.de\\\/blog\\\/wp-content\\\/uploads\\\/2018\\\/11\\\/LFFA_G72.gif\",\"width\":340,\"height\":142,\"caption\":\"FFA\"},\"image\":{\"@id\":\"https:\\\/\\\/grueneskino.net\\\/blog\\\/#\\\/schema\\\/logo\\\/image\\\/\"}},{\"@type\":\"Person\",\"@id\":\"https:\\\/\\\/grueneskino.net\\\/blog\\\/#\\\/schema\\\/person\\\/a42c4207e4e152fd77090dacd9ee24ad\",\"name\":\"Birgit\",\"image\":{\"@type\":\"ImageObject\",\"inLanguage\":\"de\",\"@id\":\"https:\\\/\\\/secure.gravatar.com\\\/avatar\\\/ef8c46061666bd9d5949acacd5b1a7c8bebeb871f0435a00606526208115f836?s=96&d=mm&r=g\",\"url\":\"https:\\\/\\\/secure.gravatar.com\\\/avatar\\\/ef8c46061666bd9d5949acacd5b1a7c8bebeb871f0435a00606526208115f836?s=96&d=mm&r=g\",\"contentUrl\":\"https:\\\/\\\/secure.gravatar.com\\\/avatar\\\/ef8c46061666bd9d5949acacd5b1a7c8bebeb871f0435a00606526208115f836?s=96&d=mm&r=g\",\"caption\":\"Birgit\"},\"url\":\"https:\\\/\\\/grueneskino.net\\\/blog\\\/author\\\/birgit\\\/\"}]}<\/script>\n<!-- \/ Yoast SEO plugin. -->","yoast_head_json":{"title":"Film- und Medienstiftung NRW vergibt Pr\u00e4mien f\u00fcr Gr\u00fcnes Kino - Gr\u00fcnes Kino","description":"Im Rahmen des 32. Kinoprogrammpreises NRW wird die Film- und Medienstiftung erstmals Sonderpr\u00e4mien f\u00fcr Gr\u00fcnes Kino vergeben. Mit diesem Preis sollen Initiativen und Ma\u00dfnahmen ausgezeichnet werden, die auf Klimaschutz und Nachhaltigkeit im Kino abzielen. Die Antr\u00e4ge k\u00f6nnen bis zum 30. Juni 2022 bei der Film- und Medienstiftung NRW eingereicht werden.","robots":{"index":"index","follow":"follow","max-snippet":"max-snippet:-1","max-image-preview":"max-image-preview:large","max-video-preview":"max-video-preview:-1"},"canonical":"https:\/\/grueneskino.net\/blog\/film-und-medienstiftung-nrw-vergibt-praemien-fuer-gruenes-kino\/","og_locale":"de_DE","og_type":"article","og_title":"Film- und Medienstiftung NRW vergibt Pr\u00e4mien f\u00fcr Gr\u00fcnes Kino - Gr\u00fcnes Kino","og_description":"Im Rahmen des 32. Kinoprogrammpreises NRW wird die Film- und Medienstiftung erstmals Sonderpr\u00e4mien f\u00fcr Gr\u00fcnes Kino vergeben. Mit diesem Preis sollen Initiativen und Ma\u00dfnahmen ausgezeichnet werden, die auf Klimaschutz und Nachhaltigkeit im Kino abzielen. Die Antr\u00e4ge k\u00f6nnen bis zum 30. Juni 2022 bei der Film- und Medienstiftung NRW eingereicht werden.","og_url":"https:\/\/grueneskino.net\/blog\/film-und-medienstiftung-nrw-vergibt-praemien-fuer-gruenes-kino\/","og_site_name":"Gr\u00fcnes Kino","article_published_time":"2022-05-29T22:55:26+00:00","article_modified_time":"2022-06-07T15:21:23+00:00","og_image":[{"width":909,"height":605,"url":"https:\/\/grueneskino.net\/blog\/wp-content\/uploads\/2022\/06\/preis.jpg","type":"image\/jpeg"}],"author":"Birgit","twitter_card":"summary_large_image","twitter_misc":{"Verfasst von":"Birgit"},"schema":{"@context":"https:\/\/schema.org","@graph":[{"@type":"Article","@id":"https:\/\/grueneskino.net\/blog\/film-und-medienstiftung-nrw-vergibt-praemien-fuer-gruenes-kino\/#article","isPartOf":{"@id":"https:\/\/grueneskino.net\/blog\/film-und-medienstiftung-nrw-vergibt-praemien-fuer-gruenes-kino\/"},"author":{"name":"Birgit","@id":"https:\/\/grueneskino.net\/blog\/#\/schema\/person\/a42c4207e4e152fd77090dacd9ee24ad"},"headline":"Film- und Medienstiftung NRW vergibt Pr\u00e4mien f\u00fcr Gr\u00fcnes Kino","datePublished":"2022-05-29T22:55:26+00:00","dateModified":"2022-06-07T15:21:23+00:00","mainEntityOfPage":{"@id":"https:\/\/grueneskino.net\/blog\/film-und-medienstiftung-nrw-vergibt-praemien-fuer-gruenes-kino\/"},"wordCount":12,"commentCount":0,"publisher":{"@id":"https:\/\/grueneskino.net\/blog\/#organization"},"image":{"@id":"https:\/\/grueneskino.net\/blog\/film-und-medienstiftung-nrw-vergibt-praemien-fuer-gruenes-kino\/#primaryimage"},"thumbnailUrl":"https:\/\/grueneskino.net\/blog\/wp-content\/uploads\/2022\/06\/preis.jpg","articleSection":{"0":"Abfallproduktion","2":"Concession","3":"Energieeffizienz","4":"Events","5":"Reinigung","6":"Umweltfreundliche Alternativen"},"inLanguage":"de"},{"@type":"WebPage","@id":"https:\/\/grueneskino.net\/blog\/film-und-medienstiftung-nrw-vergibt-praemien-fuer-gruenes-kino\/","url":"https:\/\/grueneskino.net\/blog\/film-und-medienstiftung-nrw-vergibt-praemien-fuer-gruenes-kino\/","name":"Film- und Medienstiftung NRW vergibt Pr\u00e4mien f\u00fcr Gr\u00fcnes Kino - Gr\u00fcnes Kino","isPartOf":{"@id":"https:\/\/grueneskino.net\/blog\/#website"},"primaryImageOfPage":{"@id":"https:\/\/grueneskino.net\/blog\/film-und-medienstiftung-nrw-vergibt-praemien-fuer-gruenes-kino\/#primaryimage"},"image":{"@id":"https:\/\/grueneskino.net\/blog\/film-und-medienstiftung-nrw-vergibt-praemien-fuer-gruenes-kino\/#primaryimage"},"thumbnailUrl":"https:\/\/grueneskino.net\/blog\/wp-content\/uploads\/2022\/06\/preis.jpg","datePublished":"2022-05-29T22:55:26+00:00","dateModified":"2022-06-07T15:21:23+00:00","description":"Im Rahmen des 32. Kinoprogrammpreises NRW wird die Film- und Medienstiftung erstmals Sonderpr\u00e4mien f\u00fcr Gr\u00fcnes Kino vergeben. Mit diesem Preis sollen Initiativen und Ma\u00dfnahmen ausgezeichnet werden, die auf Klimaschutz und Nachhaltigkeit im Kino abzielen. Die Antr\u00e4ge k\u00f6nnen bis zum 30. Juni 2022 bei der Film- und Medienstiftung NRW eingereicht werden.","breadcrumb":{"@id":"https:\/\/grueneskino.net\/blog\/film-und-medienstiftung-nrw-vergibt-praemien-fuer-gruenes-kino\/#breadcrumb"},"inLanguage":"de","potentialAction":[{"@type":"ReadAction","target":["https:\/\/grueneskino.net\/blog\/film-und-medienstiftung-nrw-vergibt-praemien-fuer-gruenes-kino\/"]}]},{"@type":"ImageObject","inLanguage":"de","@id":"https:\/\/grueneskino.net\/blog\/film-und-medienstiftung-nrw-vergibt-praemien-fuer-gruenes-kino\/#primaryimage","url":"https:\/\/grueneskino.net\/blog\/wp-content\/uploads\/2022\/06\/preis.jpg","contentUrl":"https:\/\/grueneskino.net\/blog\/wp-content\/uploads\/2022\/06\/preis.jpg","width":909,"height":605},{"@type":"BreadcrumbList","@id":"https:\/\/grueneskino.net\/blog\/film-und-medienstiftung-nrw-vergibt-praemien-fuer-gruenes-kino\/#breadcrumb","itemListElement":[{"@type":"ListItem","position":1,"name":"Startseite","item":"https:\/\/grueneskino.net\/blog\/"},{"@type":"ListItem","position":2,"name":"Film- und Medienstiftung NRW vergibt Pr\u00e4mien f\u00fcr Gr\u00fcnes Kino"}]},{"@type":"WebSite","@id":"https:\/\/grueneskino.net\/blog\/#website","url":"https:\/\/grueneskino.net\/blog\/","name":"Gr\u00fcnes Kino","description":"Das Gr\u00fcne Kinohandbuch der FFA","publisher":{"@id":"https:\/\/grueneskino.net\/blog\/#organization"},"potentialAction":[{"@type":"SearchAction","target":{"@type":"EntryPoint","urlTemplate":"https:\/\/grueneskino.net\/blog\/?s={search_term_string}"},"query-input":{"@type":"PropertyValueSpecification","valueRequired":true,"valueName":"search_term_string"}}],"inLanguage":"de"},{"@type":"Organization","@id":"https:\/\/grueneskino.net\/blog\/#organization","name":"FFA","url":"https:\/\/grueneskino.net\/blog\/","logo":{"@type":"ImageObject","inLanguage":"de","@id":"https:\/\/grueneskino.net\/blog\/#\/schema\/logo\/image\/","url":"https:\/\/xn--grneskino-r9a.de\/blog\/wp-content\/uploads\/2018\/11\/LFFA_G72.gif","contentUrl":"https:\/\/xn--grneskino-r9a.de\/blog\/wp-content\/uploads\/2018\/11\/LFFA_G72.gif","width":340,"height":142,"caption":"FFA"},"image":{"@id":"https:\/\/grueneskino.net\/blog\/#\/schema\/logo\/image\/"}},{"@type":"Person","@id":"https:\/\/grueneskino.net\/blog\/#\/schema\/person\/a42c4207e4e152fd77090dacd9ee24ad","name":"Birgit","image":{"@type":"ImageObject","inLanguage":"de","@id":"https:\/\/secure.gravatar.com\/avatar\/ef8c46061666bd9d5949acacd5b1a7c8bebeb871f0435a00606526208115f836?s=96&d=mm&r=g","url":"https:\/\/secure.gravatar.com\/avatar\/ef8c46061666bd9d5949acacd5b1a7c8bebeb871f0435a00606526208115f836?s=96&d=mm&r=g","contentUrl":"https:\/\/secure.gravatar.com\/avatar\/ef8c46061666bd9d5949acacd5b1a7c8bebeb871f0435a00606526208115f836?s=96&d=mm&r=g","caption":"Birgit"},"url":"https:\/\/grueneskino.net\/blog\/author\/birgit\/"}]}},"_links":{"self":[{"href":"https:\/\/grueneskino.net\/blog\/wp-json\/wp\/v2\/posts\/7916","targetHints":{"allow":["GET"]}}],"collection":[{"href":"https:\/\/grueneskino.net\/blog\/wp-json\/wp\/v2\/posts"}],"about":[{"href":"https:\/\/grueneskino.net\/blog\/wp-json\/wp\/v2\/types\/post"}],"author":[{"embeddable":true,"href":"https:\/\/grueneskino.net\/blog\/wp-json\/wp\/v2\/users\/1"}],"replies":[{"embeddable":true,"href":"https:\/\/grueneskino.net\/blog\/wp-json\/wp\/v2\/comments?post=7916"}],"version-history":[{"count":5,"href":"https:\/\/grueneskino.net\/blog\/wp-json\/wp\/v2\/posts\/7916\/revisions"}],"predecessor-version":[{"id":7922,"href":"https:\/\/grueneskino.net\/blog\/wp-json\/wp\/v2\/posts\/7916\/revisions\/7922"}],"wp:featuredmedia":[{"embeddable":true,"href":"https:\/\/grueneskino.net\/blog\/wp-json\/wp\/v2\/media\/7960"}],"wp:attachment":[{"href":"https:\/\/grueneskino.net\/blog\/wp-json\/wp\/v2\/media?parent=7916"}],"wp:term":[{"taxonomy":"category","embeddable":true,"href":"https:\/\/grueneskino.net\/blog\/wp-json\/wp\/v2\/categories?post=7916"},{"taxonomy":"post_tag","embeddable":true,"href":"https:\/\/grueneskino.net\/blog\/wp-json\/wp\/v2\/tags?post=7916"}],"curies":[{"name":"wp","href":"https:\/\/api.w.org\/{rel}","templated":true}]}}