{"id":8371,"date":"2022-08-04T16:21:01","date_gmt":"2022-08-04T14:21:01","guid":{"rendered":"https:\/\/grueneskino.net\/blog\/?p=8371"},"modified":"2023-02-15T00:04:17","modified_gmt":"2023-02-14T23:04:17","slug":"daemmung-per-fassadenbegru%cc%88nung","status":"publish","type":"post","link":"https:\/\/grueneskino.net\/blog\/daemmung-per-fassadenbegru%cc%88nung\/","title":{"rendered":"D\u00e4mmung per Fassadenbe&shy;gru\u0308nung"},"content":{"rendered":"","protected":false},"excerpt":{"rendered":"","protected":false},"author":1,"featured_media":8374,"comment_status":"open","ping_status":"open","sticky":false,"template":"","format":"standard","meta":{"_monsterinsights_skip_tracking":false,"_monsterinsights_sitenote_active":false,"_monsterinsights_sitenote_note":"","_monsterinsights_sitenote_category":0,"footnotes":""},"categories":[80,3,78,4,8,76,5],"tags":[],"class_list":["post-8371","post","type-post","status-publish","format-standard","has-post-thumbnail","hentry","category-co2-kompensation","category-energieeffizienz","category-finanzierung","category-gebaeude","category-gebaeudedaemmung","category-gruendach","category-rahmenbedingungen"],"acf":[],"aioseo_notices":[],"yoast_head":"<!-- This site is optimized with the Yoast SEO plugin v27.4 - https:\/\/yoast.com\/product\/yoast-seo-wordpress\/ -->\n<title>D\u00e4mmung per Fassadenbe&shy;gru\u0308nung - Gr\u00fcnes Kino<\/title>\n<meta name=\"description\" content=\"Mit gru\u0308nen Fassaden, vertikalen G\u00e4rten und Living Walls l\u00e4sst sich die Lebens- und Luftqualit\u00e4t in den St\u00e4dten steigern. Begru\u0308nte Fassaden verbessern zudem den W\u00e4rmed\u00e4mmwert eines Geb\u00e4udes, da die Innenr\u00e4ume an hei\u00dfen Tagen angenehm ku\u0308hl bleiben, w\u00e4hrend die W\u00e4rme im Winter innen gehalten wird.\" \/>\n<meta name=\"robots\" content=\"index, follow, max-snippet:-1, max-image-preview:large, max-video-preview:-1\" \/>\n<link rel=\"canonical\" href=\"https:\/\/grueneskino.net\/blog\/daemmung-per-fassadenbegru\u0308nung\/\" \/>\n<meta property=\"og:locale\" content=\"de_DE\" \/>\n<meta property=\"og:type\" content=\"article\" \/>\n<meta property=\"og:title\" content=\"D\u00e4mmung per Fassadenbe&shy;gru\u0308nung - Gr\u00fcnes Kino\" \/>\n<meta property=\"og:description\" content=\"Mit gru\u0308nen Fassaden, vertikalen G\u00e4rten und Living Walls l\u00e4sst sich die Lebens- und Luftqualit\u00e4t in den St\u00e4dten steigern. Begru\u0308nte Fassaden verbessern zudem den W\u00e4rmed\u00e4mmwert eines Geb\u00e4udes, da die Innenr\u00e4ume an hei\u00dfen Tagen angenehm ku\u0308hl bleiben, w\u00e4hrend die W\u00e4rme im Winter innen gehalten wird.\" \/>\n<meta property=\"og:url\" content=\"https:\/\/grueneskino.net\/blog\/daemmung-per-fassadenbegru\u0308nung\/\" \/>\n<meta property=\"og:site_name\" content=\"Gr\u00fcnes Kino\" \/>\n<meta property=\"article:published_time\" content=\"2022-08-04T14:21:01+00:00\" \/>\n<meta property=\"article:modified_time\" content=\"2023-02-14T23:04:17+00:00\" \/>\n<meta property=\"og:image\" content=\"https:\/\/grueneskino.net\/blog\/wp-content\/uploads\/2022\/08\/Fassade.jpg\" \/>\n\t<meta property=\"og:image:width\" content=\"886\" \/>\n\t<meta property=\"og:image:height\" content=\"636\" \/>\n\t<meta property=\"og:image:type\" content=\"image\/jpeg\" \/>\n<meta name=\"author\" content=\"Birgit\" \/>\n<meta name=\"twitter:card\" content=\"summary_large_image\" \/>\n<meta name=\"twitter:label1\" content=\"Verfasst von\" \/>\n\t<meta name=\"twitter:data1\" content=\"Birgit\" \/>\n<script type=\"application\/ld+json\" class=\"yoast-schema-graph\">{\"@context\":\"https:\\\/\\\/schema.org\",\"@graph\":[{\"@type\":\"Article\",\"@id\":\"https:\\\/\\\/grueneskino.net\\\/blog\\\/daemmung-per-fassadenbegru%cc%88nung\\\/#article\",\"isPartOf\":{\"@id\":\"https:\\\/\\\/grueneskino.net\\\/blog\\\/daemmung-per-fassadenbegru%cc%88nung\\\/\"},\"author\":{\"name\":\"Birgit\",\"@id\":\"https:\\\/\\\/grueneskino.net\\\/blog\\\/#\\\/schema\\\/person\\\/a42c4207e4e152fd77090dacd9ee24ad\"},\"headline\":\"D\u00e4mmung per Fassadenbe&shy;gru\u0308nung\",\"datePublished\":\"2022-08-04T14:21:01+00:00\",\"dateModified\":\"2023-02-14T23:04:17+00:00\",\"mainEntityOfPage\":{\"@id\":\"https:\\\/\\\/grueneskino.net\\\/blog\\\/daemmung-per-fassadenbegru%cc%88nung\\\/\"},\"wordCount\":7,\"commentCount\":0,\"publisher\":{\"@id\":\"https:\\\/\\\/grueneskino.net\\\/blog\\\/#organization\"},\"image\":{\"@id\":\"https:\\\/\\\/grueneskino.net\\\/blog\\\/daemmung-per-fassadenbegru%cc%88nung\\\/#primaryimage\"},\"thumbnailUrl\":\"https:\\\/\\\/grueneskino.net\\\/blog\\\/wp-content\\\/uploads\\\/2022\\\/08\\\/Fassade.jpg\",\"articleSection\":[\"CO2-Kompensation\",\"Energieeffizienz\",\"Finanzierung\",\"Geb\u00e4ude\",\"Geb\u00e4uded\u00e4mmung\",\"Gr\u00fcndach\",\"Rechtliche Rahmenbedingungen\"],\"inLanguage\":\"de\"},{\"@type\":\"WebPage\",\"@id\":\"https:\\\/\\\/grueneskino.net\\\/blog\\\/daemmung-per-fassadenbegru%cc%88nung\\\/\",\"url\":\"https:\\\/\\\/grueneskino.net\\\/blog\\\/daemmung-per-fassadenbegru%cc%88nung\\\/\",\"name\":\"D\u00e4mmung per Fassadenbe&shy;gru\u0308nung - Gr\u00fcnes Kino\",\"isPartOf\":{\"@id\":\"https:\\\/\\\/grueneskino.net\\\/blog\\\/#website\"},\"primaryImageOfPage\":{\"@id\":\"https:\\\/\\\/grueneskino.net\\\/blog\\\/daemmung-per-fassadenbegru%cc%88nung\\\/#primaryimage\"},\"image\":{\"@id\":\"https:\\\/\\\/grueneskino.net\\\/blog\\\/daemmung-per-fassadenbegru%cc%88nung\\\/#primaryimage\"},\"thumbnailUrl\":\"https:\\\/\\\/grueneskino.net\\\/blog\\\/wp-content\\\/uploads\\\/2022\\\/08\\\/Fassade.jpg\",\"datePublished\":\"2022-08-04T14:21:01+00:00\",\"dateModified\":\"2023-02-14T23:04:17+00:00\",\"description\":\"Mit gru\u0308nen Fassaden, vertikalen G\u00e4rten und Living Walls l\u00e4sst sich die Lebens- und Luftqualit\u00e4t in den St\u00e4dten steigern. Begru\u0308nte Fassaden verbessern zudem den W\u00e4rmed\u00e4mmwert eines Geb\u00e4udes, da die Innenr\u00e4ume an hei\u00dfen Tagen angenehm ku\u0308hl bleiben, w\u00e4hrend die W\u00e4rme im Winter innen gehalten wird.\",\"breadcrumb\":{\"@id\":\"https:\\\/\\\/grueneskino.net\\\/blog\\\/daemmung-per-fassadenbegru%cc%88nung\\\/#breadcrumb\"},\"inLanguage\":\"de\",\"potentialAction\":[{\"@type\":\"ReadAction\",\"target\":[\"https:\\\/\\\/grueneskino.net\\\/blog\\\/daemmung-per-fassadenbegru%cc%88nung\\\/\"]}]},{\"@type\":\"ImageObject\",\"inLanguage\":\"de\",\"@id\":\"https:\\\/\\\/grueneskino.net\\\/blog\\\/daemmung-per-fassadenbegru%cc%88nung\\\/#primaryimage\",\"url\":\"https:\\\/\\\/grueneskino.net\\\/blog\\\/wp-content\\\/uploads\\\/2022\\\/08\\\/Fassade.jpg\",\"contentUrl\":\"https:\\\/\\\/grueneskino.net\\\/blog\\\/wp-content\\\/uploads\\\/2022\\\/08\\\/Fassade.jpg\",\"width\":886,\"height\":636},{\"@type\":\"BreadcrumbList\",\"@id\":\"https:\\\/\\\/grueneskino.net\\\/blog\\\/daemmung-per-fassadenbegru%cc%88nung\\\/#breadcrumb\",\"itemListElement\":[{\"@type\":\"ListItem\",\"position\":1,\"name\":\"Startseite\",\"item\":\"https:\\\/\\\/grueneskino.net\\\/blog\\\/\"},{\"@type\":\"ListItem\",\"position\":2,\"name\":\"D\u00e4mmung per Fassadenbe&shy;gru\u0308nung\"}]},{\"@type\":\"WebSite\",\"@id\":\"https:\\\/\\\/grueneskino.net\\\/blog\\\/#website\",\"url\":\"https:\\\/\\\/grueneskino.net\\\/blog\\\/\",\"name\":\"Gr\u00fcnes Kino\",\"description\":\"Das Gr\u00fcne Kinohandbuch der FFA\",\"publisher\":{\"@id\":\"https:\\\/\\\/grueneskino.net\\\/blog\\\/#organization\"},\"potentialAction\":[{\"@type\":\"SearchAction\",\"target\":{\"@type\":\"EntryPoint\",\"urlTemplate\":\"https:\\\/\\\/grueneskino.net\\\/blog\\\/?s={search_term_string}\"},\"query-input\":{\"@type\":\"PropertyValueSpecification\",\"valueRequired\":true,\"valueName\":\"search_term_string\"}}],\"inLanguage\":\"de\"},{\"@type\":\"Organization\",\"@id\":\"https:\\\/\\\/grueneskino.net\\\/blog\\\/#organization\",\"name\":\"FFA\",\"url\":\"https:\\\/\\\/grueneskino.net\\\/blog\\\/\",\"logo\":{\"@type\":\"ImageObject\",\"inLanguage\":\"de\",\"@id\":\"https:\\\/\\\/grueneskino.net\\\/blog\\\/#\\\/schema\\\/logo\\\/image\\\/\",\"url\":\"https:\\\/\\\/xn--grneskino-r9a.de\\\/blog\\\/wp-content\\\/uploads\\\/2018\\\/11\\\/LFFA_G72.gif\",\"contentUrl\":\"https:\\\/\\\/xn--grneskino-r9a.de\\\/blog\\\/wp-content\\\/uploads\\\/2018\\\/11\\\/LFFA_G72.gif\",\"width\":340,\"height\":142,\"caption\":\"FFA\"},\"image\":{\"@id\":\"https:\\\/\\\/grueneskino.net\\\/blog\\\/#\\\/schema\\\/logo\\\/image\\\/\"}},{\"@type\":\"Person\",\"@id\":\"https:\\\/\\\/grueneskino.net\\\/blog\\\/#\\\/schema\\\/person\\\/a42c4207e4e152fd77090dacd9ee24ad\",\"name\":\"Birgit\",\"image\":{\"@type\":\"ImageObject\",\"inLanguage\":\"de\",\"@id\":\"https:\\\/\\\/secure.gravatar.com\\\/avatar\\\/ef8c46061666bd9d5949acacd5b1a7c8bebeb871f0435a00606526208115f836?s=96&d=mm&r=g\",\"url\":\"https:\\\/\\\/secure.gravatar.com\\\/avatar\\\/ef8c46061666bd9d5949acacd5b1a7c8bebeb871f0435a00606526208115f836?s=96&d=mm&r=g\",\"contentUrl\":\"https:\\\/\\\/secure.gravatar.com\\\/avatar\\\/ef8c46061666bd9d5949acacd5b1a7c8bebeb871f0435a00606526208115f836?s=96&d=mm&r=g\",\"caption\":\"Birgit\"},\"url\":\"https:\\\/\\\/grueneskino.net\\\/blog\\\/author\\\/birgit\\\/\"}]}<\/script>\n<!-- \/ Yoast SEO plugin. -->","yoast_head_json":{"title":"D\u00e4mmung per Fassadenbe&shy;gru\u0308nung - Gr\u00fcnes Kino","description":"Mit gru\u0308nen Fassaden, vertikalen G\u00e4rten und Living Walls l\u00e4sst sich die Lebens- und Luftqualit\u00e4t in den St\u00e4dten steigern. Begru\u0308nte Fassaden verbessern zudem den W\u00e4rmed\u00e4mmwert eines Geb\u00e4udes, da die Innenr\u00e4ume an hei\u00dfen Tagen angenehm ku\u0308hl bleiben, w\u00e4hrend die W\u00e4rme im Winter innen gehalten wird.","robots":{"index":"index","follow":"follow","max-snippet":"max-snippet:-1","max-image-preview":"max-image-preview:large","max-video-preview":"max-video-preview:-1"},"canonical":"https:\/\/grueneskino.net\/blog\/daemmung-per-fassadenbegru\u0308nung\/","og_locale":"de_DE","og_type":"article","og_title":"D\u00e4mmung per Fassadenbe&shy;gru\u0308nung - Gr\u00fcnes Kino","og_description":"Mit gru\u0308nen Fassaden, vertikalen G\u00e4rten und Living Walls l\u00e4sst sich die Lebens- und Luftqualit\u00e4t in den St\u00e4dten steigern. Begru\u0308nte Fassaden verbessern zudem den W\u00e4rmed\u00e4mmwert eines Geb\u00e4udes, da die Innenr\u00e4ume an hei\u00dfen Tagen angenehm ku\u0308hl bleiben, w\u00e4hrend die W\u00e4rme im Winter innen gehalten wird.","og_url":"https:\/\/grueneskino.net\/blog\/daemmung-per-fassadenbegru\u0308nung\/","og_site_name":"Gr\u00fcnes Kino","article_published_time":"2022-08-04T14:21:01+00:00","article_modified_time":"2023-02-14T23:04:17+00:00","og_image":[{"width":886,"height":636,"url":"https:\/\/grueneskino.net\/blog\/wp-content\/uploads\/2022\/08\/Fassade.jpg","type":"image\/jpeg"}],"author":"Birgit","twitter_card":"summary_large_image","twitter_misc":{"Verfasst von":"Birgit"},"schema":{"@context":"https:\/\/schema.org","@graph":[{"@type":"Article","@id":"https:\/\/grueneskino.net\/blog\/daemmung-per-fassadenbegru%cc%88nung\/#article","isPartOf":{"@id":"https:\/\/grueneskino.net\/blog\/daemmung-per-fassadenbegru%cc%88nung\/"},"author":{"name":"Birgit","@id":"https:\/\/grueneskino.net\/blog\/#\/schema\/person\/a42c4207e4e152fd77090dacd9ee24ad"},"headline":"D\u00e4mmung per Fassadenbe&shy;gru\u0308nung","datePublished":"2022-08-04T14:21:01+00:00","dateModified":"2023-02-14T23:04:17+00:00","mainEntityOfPage":{"@id":"https:\/\/grueneskino.net\/blog\/daemmung-per-fassadenbegru%cc%88nung\/"},"wordCount":7,"commentCount":0,"publisher":{"@id":"https:\/\/grueneskino.net\/blog\/#organization"},"image":{"@id":"https:\/\/grueneskino.net\/blog\/daemmung-per-fassadenbegru%cc%88nung\/#primaryimage"},"thumbnailUrl":"https:\/\/grueneskino.net\/blog\/wp-content\/uploads\/2022\/08\/Fassade.jpg","articleSection":["CO2-Kompensation","Energieeffizienz","Finanzierung","Geb\u00e4ude","Geb\u00e4uded\u00e4mmung","Gr\u00fcndach","Rechtliche Rahmenbedingungen"],"inLanguage":"de"},{"@type":"WebPage","@id":"https:\/\/grueneskino.net\/blog\/daemmung-per-fassadenbegru%cc%88nung\/","url":"https:\/\/grueneskino.net\/blog\/daemmung-per-fassadenbegru%cc%88nung\/","name":"D\u00e4mmung per Fassadenbe&shy;gru\u0308nung - Gr\u00fcnes Kino","isPartOf":{"@id":"https:\/\/grueneskino.net\/blog\/#website"},"primaryImageOfPage":{"@id":"https:\/\/grueneskino.net\/blog\/daemmung-per-fassadenbegru%cc%88nung\/#primaryimage"},"image":{"@id":"https:\/\/grueneskino.net\/blog\/daemmung-per-fassadenbegru%cc%88nung\/#primaryimage"},"thumbnailUrl":"https:\/\/grueneskino.net\/blog\/wp-content\/uploads\/2022\/08\/Fassade.jpg","datePublished":"2022-08-04T14:21:01+00:00","dateModified":"2023-02-14T23:04:17+00:00","description":"Mit gru\u0308nen Fassaden, vertikalen G\u00e4rten und Living Walls l\u00e4sst sich die Lebens- und Luftqualit\u00e4t in den St\u00e4dten steigern. Begru\u0308nte Fassaden verbessern zudem den W\u00e4rmed\u00e4mmwert eines Geb\u00e4udes, da die Innenr\u00e4ume an hei\u00dfen Tagen angenehm ku\u0308hl bleiben, w\u00e4hrend die W\u00e4rme im Winter innen gehalten wird.","breadcrumb":{"@id":"https:\/\/grueneskino.net\/blog\/daemmung-per-fassadenbegru%cc%88nung\/#breadcrumb"},"inLanguage":"de","potentialAction":[{"@type":"ReadAction","target":["https:\/\/grueneskino.net\/blog\/daemmung-per-fassadenbegru%cc%88nung\/"]}]},{"@type":"ImageObject","inLanguage":"de","@id":"https:\/\/grueneskino.net\/blog\/daemmung-per-fassadenbegru%cc%88nung\/#primaryimage","url":"https:\/\/grueneskino.net\/blog\/wp-content\/uploads\/2022\/08\/Fassade.jpg","contentUrl":"https:\/\/grueneskino.net\/blog\/wp-content\/uploads\/2022\/08\/Fassade.jpg","width":886,"height":636},{"@type":"BreadcrumbList","@id":"https:\/\/grueneskino.net\/blog\/daemmung-per-fassadenbegru%cc%88nung\/#breadcrumb","itemListElement":[{"@type":"ListItem","position":1,"name":"Startseite","item":"https:\/\/grueneskino.net\/blog\/"},{"@type":"ListItem","position":2,"name":"D\u00e4mmung per Fassadenbe&shy;gru\u0308nung"}]},{"@type":"WebSite","@id":"https:\/\/grueneskino.net\/blog\/#website","url":"https:\/\/grueneskino.net\/blog\/","name":"Gr\u00fcnes Kino","description":"Das Gr\u00fcne Kinohandbuch der FFA","publisher":{"@id":"https:\/\/grueneskino.net\/blog\/#organization"},"potentialAction":[{"@type":"SearchAction","target":{"@type":"EntryPoint","urlTemplate":"https:\/\/grueneskino.net\/blog\/?s={search_term_string}"},"query-input":{"@type":"PropertyValueSpecification","valueRequired":true,"valueName":"search_term_string"}}],"inLanguage":"de"},{"@type":"Organization","@id":"https:\/\/grueneskino.net\/blog\/#organization","name":"FFA","url":"https:\/\/grueneskino.net\/blog\/","logo":{"@type":"ImageObject","inLanguage":"de","@id":"https:\/\/grueneskino.net\/blog\/#\/schema\/logo\/image\/","url":"https:\/\/xn--grneskino-r9a.de\/blog\/wp-content\/uploads\/2018\/11\/LFFA_G72.gif","contentUrl":"https:\/\/xn--grneskino-r9a.de\/blog\/wp-content\/uploads\/2018\/11\/LFFA_G72.gif","width":340,"height":142,"caption":"FFA"},"image":{"@id":"https:\/\/grueneskino.net\/blog\/#\/schema\/logo\/image\/"}},{"@type":"Person","@id":"https:\/\/grueneskino.net\/blog\/#\/schema\/person\/a42c4207e4e152fd77090dacd9ee24ad","name":"Birgit","image":{"@type":"ImageObject","inLanguage":"de","@id":"https:\/\/secure.gravatar.com\/avatar\/ef8c46061666bd9d5949acacd5b1a7c8bebeb871f0435a00606526208115f836?s=96&d=mm&r=g","url":"https:\/\/secure.gravatar.com\/avatar\/ef8c46061666bd9d5949acacd5b1a7c8bebeb871f0435a00606526208115f836?s=96&d=mm&r=g","contentUrl":"https:\/\/secure.gravatar.com\/avatar\/ef8c46061666bd9d5949acacd5b1a7c8bebeb871f0435a00606526208115f836?s=96&d=mm&r=g","caption":"Birgit"},"url":"https:\/\/grueneskino.net\/blog\/author\/birgit\/"}]}},"_links":{"self":[{"href":"https:\/\/grueneskino.net\/blog\/wp-json\/wp\/v2\/posts\/8371","targetHints":{"allow":["GET"]}}],"collection":[{"href":"https:\/\/grueneskino.net\/blog\/wp-json\/wp\/v2\/posts"}],"about":[{"href":"https:\/\/grueneskino.net\/blog\/wp-json\/wp\/v2\/types\/post"}],"author":[{"embeddable":true,"href":"https:\/\/grueneskino.net\/blog\/wp-json\/wp\/v2\/users\/1"}],"replies":[{"embeddable":true,"href":"https:\/\/grueneskino.net\/blog\/wp-json\/wp\/v2\/comments?post=8371"}],"version-history":[{"count":11,"href":"https:\/\/grueneskino.net\/blog\/wp-json\/wp\/v2\/posts\/8371\/revisions"}],"predecessor-version":[{"id":9649,"href":"https:\/\/grueneskino.net\/blog\/wp-json\/wp\/v2\/posts\/8371\/revisions\/9649"}],"wp:featuredmedia":[{"embeddable":true,"href":"https:\/\/grueneskino.net\/blog\/wp-json\/wp\/v2\/media\/8374"}],"wp:attachment":[{"href":"https:\/\/grueneskino.net\/blog\/wp-json\/wp\/v2\/media?parent=8371"}],"wp:term":[{"taxonomy":"category","embeddable":true,"href":"https:\/\/grueneskino.net\/blog\/wp-json\/wp\/v2\/categories?post=8371"},{"taxonomy":"post_tag","embeddable":true,"href":"https:\/\/grueneskino.net\/blog\/wp-json\/wp\/v2\/tags?post=8371"}],"curies":[{"name":"wp","href":"https:\/\/api.w.org\/{rel}","templated":true}]}}