{"id":9564,"date":"2023-01-31T09:55:33","date_gmt":"2023-01-31T08:55:33","guid":{"rendered":"https:\/\/grueneskino.net\/blog\/?p=9564"},"modified":"2023-02-08T01:35:18","modified_gmt":"2023-02-08T00:35:18","slug":"energiewende-per-photovoltaik-auf-dem-gebaeudedach","status":"publish","type":"post","link":"https:\/\/grueneskino.net\/blog\/energiewende-per-photovoltaik-auf-dem-gebaeudedach\/","title":{"rendered":"Energiewende per Photovoltaik auf dem Geb\u00e4udedach"},"content":{"rendered":"","protected":false},"excerpt":{"rendered":"","protected":false},"author":1,"featured_media":9611,"comment_status":"open","ping_status":"open","sticky":false,"template":"","format":"standard","meta":{"_monsterinsights_skip_tracking":false,"_monsterinsights_sitenote_active":false,"_monsterinsights_sitenote_note":"","_monsterinsights_sitenote_category":0,"footnotes":""},"categories":[3,25,4,50,26,29,28],"tags":[],"class_list":["post-9564","post","type-post","status-publish","format-standard","has-post-thumbnail","hentry","category-energieeffizienz","category-erneuerbare-energien","category-gebaeude","category-rechtliche-rahmenbedingungen-oekostrom","category-regenerative-energien","category-solarkollektoren","category-solarstromproduktion"],"acf":[],"aioseo_notices":[],"yoast_head":"<!-- This site is optimized with the Yoast SEO plugin v27.4 - https:\/\/yoast.com\/product\/yoast-seo-wordpress\/ -->\n<title>Energiewende per Photovoltaik auf dem Geb\u00e4udedach - Gr\u00fcnes Kino<\/title>\n<meta name=\"description\" content=\"Nach dem in Kraft getretenen Erneuerbare-Energien-Gesetz 2023 (EEG 2023) und Windenergie-auf-See-Gesetz 2023 (WindSeeG 2023) sollen ein Entb\u00fcrokratisierungsgesetz und ein Solarbeschleunigungsgesetz die Rahmenbedingungen f\u00fcr den Ausbau der erneuerbaren Energien weiter verbessern. Die EU plant ab Ende 2026 die Einf\u00fchrung einer europaweiten Solarpflicht.\" \/>\n<meta name=\"robots\" content=\"index, follow, max-snippet:-1, max-image-preview:large, max-video-preview:-1\" \/>\n<link rel=\"canonical\" href=\"https:\/\/grueneskino.net\/blog\/energiewende-per-photovoltaik-auf-dem-gebaeudedach\/\" \/>\n<meta property=\"og:locale\" content=\"de_DE\" \/>\n<meta property=\"og:type\" content=\"article\" \/>\n<meta property=\"og:title\" content=\"Energiewende per Photovoltaik auf dem Geb\u00e4udedach - Gr\u00fcnes Kino\" \/>\n<meta property=\"og:description\" content=\"Nach dem in Kraft getretenen Erneuerbare-Energien-Gesetz 2023 (EEG 2023) und Windenergie-auf-See-Gesetz 2023 (WindSeeG 2023) sollen ein Entb\u00fcrokratisierungsgesetz und ein Solarbeschleunigungsgesetz die Rahmenbedingungen f\u00fcr den Ausbau der erneuerbaren Energien weiter verbessern. Die EU plant ab Ende 2026 die Einf\u00fchrung einer europaweiten Solarpflicht.\" \/>\n<meta property=\"og:url\" content=\"https:\/\/grueneskino.net\/blog\/energiewende-per-photovoltaik-auf-dem-gebaeudedach\/\" \/>\n<meta property=\"og:site_name\" content=\"Gr\u00fcnes Kino\" \/>\n<meta property=\"article:published_time\" content=\"2023-01-31T08:55:33+00:00\" \/>\n<meta property=\"article:modified_time\" content=\"2023-02-08T00:35:18+00:00\" \/>\n<meta property=\"og:image\" content=\"https:\/\/grueneskino.net\/blog\/wp-content\/uploads\/2023\/01\/sol.jpg\" \/>\n\t<meta property=\"og:image:width\" content=\"826\" \/>\n\t<meta property=\"og:image:height\" content=\"609\" \/>\n\t<meta property=\"og:image:type\" content=\"image\/jpeg\" \/>\n<meta name=\"author\" content=\"Birgit\" \/>\n<meta name=\"twitter:card\" content=\"summary_large_image\" \/>\n<meta name=\"twitter:label1\" content=\"Verfasst von\" \/>\n\t<meta name=\"twitter:data1\" content=\"Birgit\" \/>\n<script type=\"application\/ld+json\" class=\"yoast-schema-graph\">{\"@context\":\"https:\\\/\\\/schema.org\",\"@graph\":[{\"@type\":\"Article\",\"@id\":\"https:\\\/\\\/grueneskino.net\\\/blog\\\/energiewende-per-photovoltaik-auf-dem-gebaeudedach\\\/#article\",\"isPartOf\":{\"@id\":\"https:\\\/\\\/grueneskino.net\\\/blog\\\/energiewende-per-photovoltaik-auf-dem-gebaeudedach\\\/\"},\"author\":{\"name\":\"Birgit\",\"@id\":\"https:\\\/\\\/grueneskino.net\\\/blog\\\/#\\\/schema\\\/person\\\/a42c4207e4e152fd77090dacd9ee24ad\"},\"headline\":\"Energiewende per Photovoltaik auf dem Geb\u00e4udedach\",\"datePublished\":\"2023-01-31T08:55:33+00:00\",\"dateModified\":\"2023-02-08T00:35:18+00:00\",\"mainEntityOfPage\":{\"@id\":\"https:\\\/\\\/grueneskino.net\\\/blog\\\/energiewende-per-photovoltaik-auf-dem-gebaeudedach\\\/\"},\"wordCount\":7,\"commentCount\":0,\"publisher\":{\"@id\":\"https:\\\/\\\/grueneskino.net\\\/blog\\\/#organization\"},\"image\":{\"@id\":\"https:\\\/\\\/grueneskino.net\\\/blog\\\/energiewende-per-photovoltaik-auf-dem-gebaeudedach\\\/#primaryimage\"},\"thumbnailUrl\":\"https:\\\/\\\/grueneskino.net\\\/blog\\\/wp-content\\\/uploads\\\/2023\\\/01\\\/sol.jpg\",\"articleSection\":[\"Energieeffizienz\",\"Erneuerbare Energien\",\"Geb\u00e4ude\",\"Rechtliche Rahmenbedingungen\",\"Regenerative Energien\",\"Solarkollektoren\",\"Solarstromproduktion\"],\"inLanguage\":\"de\"},{\"@type\":\"WebPage\",\"@id\":\"https:\\\/\\\/grueneskino.net\\\/blog\\\/energiewende-per-photovoltaik-auf-dem-gebaeudedach\\\/\",\"url\":\"https:\\\/\\\/grueneskino.net\\\/blog\\\/energiewende-per-photovoltaik-auf-dem-gebaeudedach\\\/\",\"name\":\"Energiewende per Photovoltaik auf dem Geb\u00e4udedach - Gr\u00fcnes Kino\",\"isPartOf\":{\"@id\":\"https:\\\/\\\/grueneskino.net\\\/blog\\\/#website\"},\"primaryImageOfPage\":{\"@id\":\"https:\\\/\\\/grueneskino.net\\\/blog\\\/energiewende-per-photovoltaik-auf-dem-gebaeudedach\\\/#primaryimage\"},\"image\":{\"@id\":\"https:\\\/\\\/grueneskino.net\\\/blog\\\/energiewende-per-photovoltaik-auf-dem-gebaeudedach\\\/#primaryimage\"},\"thumbnailUrl\":\"https:\\\/\\\/grueneskino.net\\\/blog\\\/wp-content\\\/uploads\\\/2023\\\/01\\\/sol.jpg\",\"datePublished\":\"2023-01-31T08:55:33+00:00\",\"dateModified\":\"2023-02-08T00:35:18+00:00\",\"description\":\"Nach dem in Kraft getretenen Erneuerbare-Energien-Gesetz 2023 (EEG 2023) und Windenergie-auf-See-Gesetz 2023 (WindSeeG 2023) sollen ein Entb\u00fcrokratisierungsgesetz und ein Solarbeschleunigungsgesetz die Rahmenbedingungen f\u00fcr den Ausbau der erneuerbaren Energien weiter verbessern. Die EU plant ab Ende 2026 die Einf\u00fchrung einer europaweiten Solarpflicht.\",\"breadcrumb\":{\"@id\":\"https:\\\/\\\/grueneskino.net\\\/blog\\\/energiewende-per-photovoltaik-auf-dem-gebaeudedach\\\/#breadcrumb\"},\"inLanguage\":\"de\",\"potentialAction\":[{\"@type\":\"ReadAction\",\"target\":[\"https:\\\/\\\/grueneskino.net\\\/blog\\\/energiewende-per-photovoltaik-auf-dem-gebaeudedach\\\/\"]}]},{\"@type\":\"ImageObject\",\"inLanguage\":\"de\",\"@id\":\"https:\\\/\\\/grueneskino.net\\\/blog\\\/energiewende-per-photovoltaik-auf-dem-gebaeudedach\\\/#primaryimage\",\"url\":\"https:\\\/\\\/grueneskino.net\\\/blog\\\/wp-content\\\/uploads\\\/2023\\\/01\\\/sol.jpg\",\"contentUrl\":\"https:\\\/\\\/grueneskino.net\\\/blog\\\/wp-content\\\/uploads\\\/2023\\\/01\\\/sol.jpg\",\"width\":826,\"height\":609},{\"@type\":\"BreadcrumbList\",\"@id\":\"https:\\\/\\\/grueneskino.net\\\/blog\\\/energiewende-per-photovoltaik-auf-dem-gebaeudedach\\\/#breadcrumb\",\"itemListElement\":[{\"@type\":\"ListItem\",\"position\":1,\"name\":\"Startseite\",\"item\":\"https:\\\/\\\/grueneskino.net\\\/blog\\\/\"},{\"@type\":\"ListItem\",\"position\":2,\"name\":\"Energiewende per Photovoltaik auf dem Geb\u00e4udedach\"}]},{\"@type\":\"WebSite\",\"@id\":\"https:\\\/\\\/grueneskino.net\\\/blog\\\/#website\",\"url\":\"https:\\\/\\\/grueneskino.net\\\/blog\\\/\",\"name\":\"Gr\u00fcnes Kino\",\"description\":\"Das Gr\u00fcne Kinohandbuch der FFA\",\"publisher\":{\"@id\":\"https:\\\/\\\/grueneskino.net\\\/blog\\\/#organization\"},\"potentialAction\":[{\"@type\":\"SearchAction\",\"target\":{\"@type\":\"EntryPoint\",\"urlTemplate\":\"https:\\\/\\\/grueneskino.net\\\/blog\\\/?s={search_term_string}\"},\"query-input\":{\"@type\":\"PropertyValueSpecification\",\"valueRequired\":true,\"valueName\":\"search_term_string\"}}],\"inLanguage\":\"de\"},{\"@type\":\"Organization\",\"@id\":\"https:\\\/\\\/grueneskino.net\\\/blog\\\/#organization\",\"name\":\"FFA\",\"url\":\"https:\\\/\\\/grueneskino.net\\\/blog\\\/\",\"logo\":{\"@type\":\"ImageObject\",\"inLanguage\":\"de\",\"@id\":\"https:\\\/\\\/grueneskino.net\\\/blog\\\/#\\\/schema\\\/logo\\\/image\\\/\",\"url\":\"https:\\\/\\\/xn--grneskino-r9a.de\\\/blog\\\/wp-content\\\/uploads\\\/2018\\\/11\\\/LFFA_G72.gif\",\"contentUrl\":\"https:\\\/\\\/xn--grneskino-r9a.de\\\/blog\\\/wp-content\\\/uploads\\\/2018\\\/11\\\/LFFA_G72.gif\",\"width\":340,\"height\":142,\"caption\":\"FFA\"},\"image\":{\"@id\":\"https:\\\/\\\/grueneskino.net\\\/blog\\\/#\\\/schema\\\/logo\\\/image\\\/\"}},{\"@type\":\"Person\",\"@id\":\"https:\\\/\\\/grueneskino.net\\\/blog\\\/#\\\/schema\\\/person\\\/a42c4207e4e152fd77090dacd9ee24ad\",\"name\":\"Birgit\",\"image\":{\"@type\":\"ImageObject\",\"inLanguage\":\"de\",\"@id\":\"https:\\\/\\\/secure.gravatar.com\\\/avatar\\\/ef8c46061666bd9d5949acacd5b1a7c8bebeb871f0435a00606526208115f836?s=96&d=mm&r=g\",\"url\":\"https:\\\/\\\/secure.gravatar.com\\\/avatar\\\/ef8c46061666bd9d5949acacd5b1a7c8bebeb871f0435a00606526208115f836?s=96&d=mm&r=g\",\"contentUrl\":\"https:\\\/\\\/secure.gravatar.com\\\/avatar\\\/ef8c46061666bd9d5949acacd5b1a7c8bebeb871f0435a00606526208115f836?s=96&d=mm&r=g\",\"caption\":\"Birgit\"},\"url\":\"https:\\\/\\\/grueneskino.net\\\/blog\\\/author\\\/birgit\\\/\"}]}<\/script>\n<!-- \/ Yoast SEO plugin. -->","yoast_head_json":{"title":"Energiewende per Photovoltaik auf dem Geb\u00e4udedach - Gr\u00fcnes Kino","description":"Nach dem in Kraft getretenen Erneuerbare-Energien-Gesetz 2023 (EEG 2023) und Windenergie-auf-See-Gesetz 2023 (WindSeeG 2023) sollen ein Entb\u00fcrokratisierungsgesetz und ein Solarbeschleunigungsgesetz die Rahmenbedingungen f\u00fcr den Ausbau der erneuerbaren Energien weiter verbessern. Die EU plant ab Ende 2026 die Einf\u00fchrung einer europaweiten Solarpflicht.","robots":{"index":"index","follow":"follow","max-snippet":"max-snippet:-1","max-image-preview":"max-image-preview:large","max-video-preview":"max-video-preview:-1"},"canonical":"https:\/\/grueneskino.net\/blog\/energiewende-per-photovoltaik-auf-dem-gebaeudedach\/","og_locale":"de_DE","og_type":"article","og_title":"Energiewende per Photovoltaik auf dem Geb\u00e4udedach - Gr\u00fcnes Kino","og_description":"Nach dem in Kraft getretenen Erneuerbare-Energien-Gesetz 2023 (EEG 2023) und Windenergie-auf-See-Gesetz 2023 (WindSeeG 2023) sollen ein Entb\u00fcrokratisierungsgesetz und ein Solarbeschleunigungsgesetz die Rahmenbedingungen f\u00fcr den Ausbau der erneuerbaren Energien weiter verbessern. Die EU plant ab Ende 2026 die Einf\u00fchrung einer europaweiten Solarpflicht.","og_url":"https:\/\/grueneskino.net\/blog\/energiewende-per-photovoltaik-auf-dem-gebaeudedach\/","og_site_name":"Gr\u00fcnes Kino","article_published_time":"2023-01-31T08:55:33+00:00","article_modified_time":"2023-02-08T00:35:18+00:00","og_image":[{"width":826,"height":609,"url":"https:\/\/grueneskino.net\/blog\/wp-content\/uploads\/2023\/01\/sol.jpg","type":"image\/jpeg"}],"author":"Birgit","twitter_card":"summary_large_image","twitter_misc":{"Verfasst von":"Birgit"},"schema":{"@context":"https:\/\/schema.org","@graph":[{"@type":"Article","@id":"https:\/\/grueneskino.net\/blog\/energiewende-per-photovoltaik-auf-dem-gebaeudedach\/#article","isPartOf":{"@id":"https:\/\/grueneskino.net\/blog\/energiewende-per-photovoltaik-auf-dem-gebaeudedach\/"},"author":{"name":"Birgit","@id":"https:\/\/grueneskino.net\/blog\/#\/schema\/person\/a42c4207e4e152fd77090dacd9ee24ad"},"headline":"Energiewende per Photovoltaik auf dem Geb\u00e4udedach","datePublished":"2023-01-31T08:55:33+00:00","dateModified":"2023-02-08T00:35:18+00:00","mainEntityOfPage":{"@id":"https:\/\/grueneskino.net\/blog\/energiewende-per-photovoltaik-auf-dem-gebaeudedach\/"},"wordCount":7,"commentCount":0,"publisher":{"@id":"https:\/\/grueneskino.net\/blog\/#organization"},"image":{"@id":"https:\/\/grueneskino.net\/blog\/energiewende-per-photovoltaik-auf-dem-gebaeudedach\/#primaryimage"},"thumbnailUrl":"https:\/\/grueneskino.net\/blog\/wp-content\/uploads\/2023\/01\/sol.jpg","articleSection":["Energieeffizienz","Erneuerbare Energien","Geb\u00e4ude","Rechtliche Rahmenbedingungen","Regenerative Energien","Solarkollektoren","Solarstromproduktion"],"inLanguage":"de"},{"@type":"WebPage","@id":"https:\/\/grueneskino.net\/blog\/energiewende-per-photovoltaik-auf-dem-gebaeudedach\/","url":"https:\/\/grueneskino.net\/blog\/energiewende-per-photovoltaik-auf-dem-gebaeudedach\/","name":"Energiewende per Photovoltaik auf dem Geb\u00e4udedach - Gr\u00fcnes Kino","isPartOf":{"@id":"https:\/\/grueneskino.net\/blog\/#website"},"primaryImageOfPage":{"@id":"https:\/\/grueneskino.net\/blog\/energiewende-per-photovoltaik-auf-dem-gebaeudedach\/#primaryimage"},"image":{"@id":"https:\/\/grueneskino.net\/blog\/energiewende-per-photovoltaik-auf-dem-gebaeudedach\/#primaryimage"},"thumbnailUrl":"https:\/\/grueneskino.net\/blog\/wp-content\/uploads\/2023\/01\/sol.jpg","datePublished":"2023-01-31T08:55:33+00:00","dateModified":"2023-02-08T00:35:18+00:00","description":"Nach dem in Kraft getretenen Erneuerbare-Energien-Gesetz 2023 (EEG 2023) und Windenergie-auf-See-Gesetz 2023 (WindSeeG 2023) sollen ein Entb\u00fcrokratisierungsgesetz und ein Solarbeschleunigungsgesetz die Rahmenbedingungen f\u00fcr den Ausbau der erneuerbaren Energien weiter verbessern. Die EU plant ab Ende 2026 die Einf\u00fchrung einer europaweiten Solarpflicht.","breadcrumb":{"@id":"https:\/\/grueneskino.net\/blog\/energiewende-per-photovoltaik-auf-dem-gebaeudedach\/#breadcrumb"},"inLanguage":"de","potentialAction":[{"@type":"ReadAction","target":["https:\/\/grueneskino.net\/blog\/energiewende-per-photovoltaik-auf-dem-gebaeudedach\/"]}]},{"@type":"ImageObject","inLanguage":"de","@id":"https:\/\/grueneskino.net\/blog\/energiewende-per-photovoltaik-auf-dem-gebaeudedach\/#primaryimage","url":"https:\/\/grueneskino.net\/blog\/wp-content\/uploads\/2023\/01\/sol.jpg","contentUrl":"https:\/\/grueneskino.net\/blog\/wp-content\/uploads\/2023\/01\/sol.jpg","width":826,"height":609},{"@type":"BreadcrumbList","@id":"https:\/\/grueneskino.net\/blog\/energiewende-per-photovoltaik-auf-dem-gebaeudedach\/#breadcrumb","itemListElement":[{"@type":"ListItem","position":1,"name":"Startseite","item":"https:\/\/grueneskino.net\/blog\/"},{"@type":"ListItem","position":2,"name":"Energiewende per Photovoltaik auf dem Geb\u00e4udedach"}]},{"@type":"WebSite","@id":"https:\/\/grueneskino.net\/blog\/#website","url":"https:\/\/grueneskino.net\/blog\/","name":"Gr\u00fcnes Kino","description":"Das Gr\u00fcne Kinohandbuch der FFA","publisher":{"@id":"https:\/\/grueneskino.net\/blog\/#organization"},"potentialAction":[{"@type":"SearchAction","target":{"@type":"EntryPoint","urlTemplate":"https:\/\/grueneskino.net\/blog\/?s={search_term_string}"},"query-input":{"@type":"PropertyValueSpecification","valueRequired":true,"valueName":"search_term_string"}}],"inLanguage":"de"},{"@type":"Organization","@id":"https:\/\/grueneskino.net\/blog\/#organization","name":"FFA","url":"https:\/\/grueneskino.net\/blog\/","logo":{"@type":"ImageObject","inLanguage":"de","@id":"https:\/\/grueneskino.net\/blog\/#\/schema\/logo\/image\/","url":"https:\/\/xn--grneskino-r9a.de\/blog\/wp-content\/uploads\/2018\/11\/LFFA_G72.gif","contentUrl":"https:\/\/xn--grneskino-r9a.de\/blog\/wp-content\/uploads\/2018\/11\/LFFA_G72.gif","width":340,"height":142,"caption":"FFA"},"image":{"@id":"https:\/\/grueneskino.net\/blog\/#\/schema\/logo\/image\/"}},{"@type":"Person","@id":"https:\/\/grueneskino.net\/blog\/#\/schema\/person\/a42c4207e4e152fd77090dacd9ee24ad","name":"Birgit","image":{"@type":"ImageObject","inLanguage":"de","@id":"https:\/\/secure.gravatar.com\/avatar\/ef8c46061666bd9d5949acacd5b1a7c8bebeb871f0435a00606526208115f836?s=96&d=mm&r=g","url":"https:\/\/secure.gravatar.com\/avatar\/ef8c46061666bd9d5949acacd5b1a7c8bebeb871f0435a00606526208115f836?s=96&d=mm&r=g","contentUrl":"https:\/\/secure.gravatar.com\/avatar\/ef8c46061666bd9d5949acacd5b1a7c8bebeb871f0435a00606526208115f836?s=96&d=mm&r=g","caption":"Birgit"},"url":"https:\/\/grueneskino.net\/blog\/author\/birgit\/"}]}},"_links":{"self":[{"href":"https:\/\/grueneskino.net\/blog\/wp-json\/wp\/v2\/posts\/9564","targetHints":{"allow":["GET"]}}],"collection":[{"href":"https:\/\/grueneskino.net\/blog\/wp-json\/wp\/v2\/posts"}],"about":[{"href":"https:\/\/grueneskino.net\/blog\/wp-json\/wp\/v2\/types\/post"}],"author":[{"embeddable":true,"href":"https:\/\/grueneskino.net\/blog\/wp-json\/wp\/v2\/users\/1"}],"replies":[{"embeddable":true,"href":"https:\/\/grueneskino.net\/blog\/wp-json\/wp\/v2\/comments?post=9564"}],"version-history":[{"count":25,"href":"https:\/\/grueneskino.net\/blog\/wp-json\/wp\/v2\/posts\/9564\/revisions"}],"predecessor-version":[{"id":9596,"href":"https:\/\/grueneskino.net\/blog\/wp-json\/wp\/v2\/posts\/9564\/revisions\/9596"}],"wp:featuredmedia":[{"embeddable":true,"href":"https:\/\/grueneskino.net\/blog\/wp-json\/wp\/v2\/media\/9611"}],"wp:attachment":[{"href":"https:\/\/grueneskino.net\/blog\/wp-json\/wp\/v2\/media?parent=9564"}],"wp:term":[{"taxonomy":"category","embeddable":true,"href":"https:\/\/grueneskino.net\/blog\/wp-json\/wp\/v2\/categories?post=9564"},{"taxonomy":"post_tag","embeddable":true,"href":"https:\/\/grueneskino.net\/blog\/wp-json\/wp\/v2\/tags?post=9564"}],"curies":[{"name":"wp","href":"https:\/\/api.w.org\/{rel}","templated":true}]}}